{"id":3261,"date":"2026-04-26T14:45:21","date_gmt":"2026-04-26T14:45:21","guid":{"rendered":"https:\/\/psicologiaanagarciarey.com\/?p=3261"},"modified":"2026-04-26T14:45:21","modified_gmt":"2026-04-26T14:45:21","slug":"variacion-de-la-felicidad-por-edades","status":"publish","type":"post","link":"https:\/\/psicologiaanagarciarey.com\/index.php\/2026\/04\/26\/variacion-de-la-felicidad-por-edades\/","title":{"rendered":"Variaci\u00f3n de la felicidad por edades"},"content":{"rendered":"<section class=\"text-token-text-primary w-full focus:outline-none [--shadow-height:45px] has-data-writing-block:pointer-events-none has-data-writing-block:-mt-(--shadow-height) has-data-writing-block:pt-(--shadow-height) [&amp;:has([data-writing-block])&gt;*]:pointer-events-auto [content-visibility:auto] supports-[content-visibility:auto]:[contain-intrinsic-size:auto_100lvh] R6Vx5W_threadScrollVars scroll-mb-[calc(var(--scroll-root-safe-area-inset-bottom,0px)+var(--thread-response-height))] scroll-mt-[calc(var(--header-height)+min(200px,max(70px,20svh)))]\" dir=\"auto\" data-turn-id=\"request-69ec752d-c6f0-8333-bb88-ad3830727331-1\" data-testid=\"conversation-turn-6\" data-scroll-anchor=\"false\" data-turn=\"assistant\">\n<div class=\"text-base my-auto mx-auto pb-10 [--thread-content-margin:var(--thread-content-margin-xs,calc(var(--spacing)*4))] @w-sm\/main:[--thread-content-margin:var(--thread-content-margin-sm,calc(var(--spacing)*6))] @w-lg\/main:[--thread-content-margin:var(--thread-content-margin-lg,calc(var(--spacing)*16))] px-(--thread-content-margin)\">\n<div class=\"[--thread-content-max-width:40rem] @w-lg\/main:[--thread-content-max-width:48rem] mx-auto max-w-(--thread-content-max-width) flex-1 group\/turn-messages focus-visible:outline-hidden relative flex w-full min-w-0 flex-col agent-turn\">\n<div class=\"flex max-w-full flex-col gap-4 grow\">\n<div class=\"min-h-8 text-message relative flex w-full flex-col items-end gap-2 text-start break-words whitespace-normal outline-none keyboard-focused:focus-ring [.text-message+&amp;]:mt-1\" dir=\"auto\" tabindex=\"0\" data-message-author-role=\"assistant\" data-message-id=\"8cfe0608-9d9d-4515-b400-e99b44a0af4f\" data-message-model-slug=\"gpt-5-3\" data-turn-start-message=\"true\">\n<div class=\"flex w-full flex-col gap-1 empty:hidden\">\n<div class=\"markdown prose dark:prose-invert w-full wrap-break-word light markdown-new-styling\">\n<p data-start=\"0\" data-end=\"468\">Muchas personas buscan la felicidad en metas externas: estabilidad econ\u00f3mica, reconocimiento, \u00e9xito profesional o una vida aparentemente perfecta. Sin embargo, en consulta psicol\u00f3gica aparece una realidad frecuente: personas que \u201clo tienen todo\u201d y aun as\u00ed sienten vac\u00edo, ansiedad o desconexi\u00f3n. Esto ocurre porque el bienestar emocional no depende solo de lo que conseguimos fuera, sino de la relaci\u00f3n entre nuestra vida diaria y lo que realmente valoramos por dentro.<\/p>\n<p data-start=\"470\" data-end=\"935\">Uno de los pilares de la salud mental es vivir con <strong data-start=\"521\" data-end=\"544\">coherencia personal<\/strong>. Esto significa que nuestras decisiones, rutinas y objetivos est\u00e9n alineados con nuestros valores, necesidades y deseos aut\u00e9nticos. Cuando una persona pasa a\u00f1os cumpliendo expectativas ajenas \u2014familiares, sociales o laborales\u2014 puede notar una sensaci\u00f3n constante de cansancio emocional, apat\u00eda o falta de sentido. No siempre es depresi\u00f3n; muchas veces es una vida desconectada de uno mismo.<\/p>\n<p data-start=\"937\" data-end=\"1387\">En psicolog\u00eda online vemos con frecuencia casos de personas que funcionan bien hacia fuera, pero internamente se sienten perdidas. Trabajan, cumplen responsabilidades, atienden a su familia y mantienen una imagen de normalidad, pero por dentro aparece una pregunta silenciosa: \u201c<strong>\u00bfEs esta la vida que quiero?\u201d<\/strong>. Esa duda sostenida en el tiempo genera frustraci\u00f3n, irritabilidad e incluso s\u00edntomas f\u00edsicos como insomnio, tensi\u00f3n muscular o fatiga mental.<\/p>\n<p data-start=\"1389\" data-end=\"1795\">La felicidad real no consiste en estar contentos todo el tiempo. Esa idea es poco realista y suele generar m\u00e1s presi\u00f3n. El bienestar psicol\u00f3gico se relaciona m\u00e1s con sentir que nuestra vida tiene direcci\u00f3n, que lo que hacemos importa y que existe cierta conexi\u00f3n entre qui\u00e9nes somos y c\u00f3mo vivimos. En otras palabras, la felicidad suele parecerse m\u00e1s a la <strong data-start=\"1745\" data-end=\"1766\">calma con sentido<\/strong> que a una euforia constante.<\/p>\n<p data-start=\"1797\" data-end=\"2254\">Otro aspecto clave es el <strong data-start=\"1822\" data-end=\"1841\">prop\u00f3sito vital<\/strong>. Tener prop\u00f3sito no significa realizar grandes haza\u00f1as ni encontrar una misi\u00f3n extraordinaria. A veces consiste en algo mucho m\u00e1s sencillo: cuidar a la familia, desarrollar un proyecto profesional valioso, ayudar a otros, aprender, crear o vivir con serenidad. Cuando una persona se levanta cada d\u00eda sabiendo para qu\u00e9 hace lo que hace, la motivaci\u00f3n cambia y tambi\u00e9n mejora la resiliencia frente a los problemas.<\/p>\n<p data-start=\"2256\" data-end=\"2720\">Muchas crisis emocionales aparecen precisamente cuando se pierde ese prop\u00f3sito. Cambios laborales, rupturas, duelo, s\u00edndrome de burnout o etapas de transici\u00f3n pueden hacer que una persona deje de reconocer su rumbo. En esos momentos es habitual sentir ansiedad o vac\u00edo. La terapia psicol\u00f3gica online puede ser especialmente \u00fatil para reconstruir prioridades, redefinir objetivos y recuperar estabilidad emocional sin importar en qu\u00e9 ciudad de Espa\u00f1a te encuentres.<\/p>\n<p data-start=\"2722\" data-end=\"3116\">Tambi\u00e9n influye enormemente el <strong data-start=\"2753\" data-end=\"2772\">di\u00e1logo interno<\/strong>. La forma en que una persona se habla a s\u00ed misma condiciona su estado emocional. Pensamientos como \u201cnunca es suficiente\u201d, \u201cvoy tarde\u201d, \u201cdeber\u00eda haber conseguido m\u00e1s\u201d o \u201clos dem\u00e1s est\u00e1n mejor que yo\u201d alimentan inseguridad e insatisfacci\u00f3n. En cambio, desarrollar una voz interna m\u00e1s realista y compasiva favorece autoestima y equilibrio mental.<\/p>\n<p data-start=\"3118\" data-end=\"3479\">Esto no implica autoenga\u00f1arse ni pensar en positivo de forma forzada. Significa aprender a interpretar la realidad con mayor justicia. Por ejemplo, sustituir el juicio constante por preguntas m\u00e1s \u00fatiles: \u00bfQu\u00e9 necesito ahora? \u00bfQu\u00e9 depende de m\u00ed? \u00bfQu\u00e9 paso peque\u00f1o puedo dar hoy? Este cambio mental suele marcar una diferencia importante en procesos terap\u00e9uticos.<\/p>\n<p data-start=\"3481\" data-end=\"3931\">Otro enemigo frecuente del bienestar es la <strong data-start=\"3524\" data-end=\"3549\">comparaci\u00f3n constante<\/strong>. Las redes sociales han intensificado la sensaci\u00f3n de que todos avanzan menos uno mismo. Se comparan cuerpos, relaciones, carreras profesionales y estilos de vida. Pero compararse desde la distancia y sin contexto genera malestar. Cada persona tiene tiempos, heridas, oportunidades y circunstancias distintas. La comparaci\u00f3n cr\u00f3nica roba energ\u00eda y dificulta disfrutar del presente.<\/p>\n<p data-start=\"3933\" data-end=\"4334\">Desde la psicolog\u00eda, una estrategia eficaz es volver a lo esencial: h\u00e1bitos b\u00e1sicos, v\u00ednculos sanos y metas realistas. Dormir mejor, poner l\u00edmites, reducir autoexigencia, ordenar prioridades y reservar tiempo para actividades con sentido tiene m\u00e1s impacto emocional que perseguir ideales imposibles. El bienestar sostenido suele construirse desde lo cotidiano, no desde grandes momentos excepcionales.<\/p>\n<p data-start=\"4336\" data-end=\"4726\">Tambi\u00e9n conviene recordar que hay etapas vitales m\u00e1s sensibles. Muchas personas experimentan crisis en torno a los 30, 40 o 50 a\u00f1os, cuando revisan decisiones tomadas o sienten que el tiempo pasa r\u00e1pido. Lejos de ser un fracaso, estas crisis pueden convertirse en oportunidades de reajuste personal. A veces el malestar aparece no para destruir, sino para se\u00f1alar que algo necesita cambiar.<\/p>\n<p data-start=\"4728\" data-end=\"5084\">La terapia psicol\u00f3gica online permite trabajar estas cuestiones con comodidad y privacidad desde cualquier lugar. Hoy muchas personas buscan <strong data-start=\"4869\" data-end=\"4912\">sesiones de psicolog\u00eda online en Espa\u00f1a<\/strong> porque necesitan apoyo flexible, compatible con horarios laborales o familiares. Adem\u00e1s, facilita continuidad terap\u00e9utica aunque haya viajes, mudanzas o cambios de rutina.<\/p>\n<p data-start=\"5086\" data-end=\"5452\">En consulta, no siempre se trata de \u201carreglar\u201d algo roto, sino de comprender qu\u00e9 est\u00e1 ocurriendo y recuperar direcci\u00f3n. Algunas personas necesitan gestionar ansiedad; otras, mejorar autoestima, superar dependencia emocional, afrontar duelo o aprender a poner l\u00edmites. En muchos casos, el n\u00facleo del problema vuelve a ser el mismo: vivir demasiado lejos de uno mismo.<\/p>\n<p data-start=\"5454\" data-end=\"5740\">Por eso, una pregunta poderosa no es \u201c\u00bfc\u00f3mo ser feliz?\u201d, sino <strong data-start=\"5516\" data-end=\"5539\">\u00bfc\u00f3mo quiero vivir?<\/strong>. Cuando esa respuesta se aclara, muchas decisiones empiezan a ordenarse. No desaparecen los problemas, pero aumenta la sensaci\u00f3n de control y sentido. Y eso tiene un efecto directo en la salud mental.<\/p>\n<p data-start=\"5742\" data-end=\"6129\" data-is-last-node=\"\" data-is-only-node=\"\">Si sientes vac\u00edo, desmotivaci\u00f3n, ansiedad o la sensaci\u00f3n de estar sobreviviendo m\u00e1s que viviendo, pedir ayuda profesional puede ser el primer paso para reconectar contigo. Las <strong data-start=\"5918\" data-end=\"5966\">sesiones de psicolog\u00eda online en toda Espa\u00f1a<\/strong> ofrecen una v\u00eda accesible y eficaz para iniciar ese proceso. A veces, mejorar no consiste en a\u00f1adir m\u00e1s cosas a tu vida, sino en acercarla a quien realmente eres.<\/p>\n<\/div>\n<\/div>\n<\/div>\n<\/div>\n<div class=\"mt-3 w-full empty:hidden\">\n<div class=\"text-center\">\n<p>En la<strong><b>\u00a0Consulta de Psicolog\u00eda General Sanitaria Ana Garc\u00eda Rey<\/b><\/strong>\u00a0realizamos terapia individualizada y de alto nivel, proporcion\u00e1ndote apoyo de calidad y t\u00e9cnicas eficaces.<\/p>\n<p>Ll\u00e1manos o manda un WhatsApp al tel\u00e9fono: <strong><b>644191359<\/b><\/strong>.<\/p>\n<p>O, si lo prefieres, env\u00eda un email a: <strong><b>anagarciarey.psicologa@gmail.com<\/b><\/strong>.<\/p>\n<p>Estamos entre <strong><b>los mejores psic\u00f3logos de A Coru\u00f1a y online<\/b><\/strong>, con los mejores precios.<\/p>\n<\/div>\n<\/div>\n<\/div>\n<\/div>\n<\/section>\n","protected":false},"excerpt":{"rendered":"<p>Muchas personas buscan la felicidad en metas externas: estabilidad econ\u00f3mica, reconocimiento, \u00e9xito profesional o una vida aparentemente perfecta. Sin embargo, en consulta psicol\u00f3gica aparece una realidad frecuente: personas que \u201clo tienen todo\u201d y aun as\u00ed sienten vac\u00edo, ansiedad o desconexi\u00f3n. Esto ocurre porque el bienestar emocional no depende solo de lo que conseguimos fuera, sino de la relaci\u00f3n entre nuestra vida diaria y lo que realmente valoramos por dentro.<\/p>\n","protected":false},"author":1,"featured_media":2220,"comment_status":"closed","ping_status":"closed","sticky":false,"template":"","format":"standard","meta":{"_et_pb_use_builder":"","_et_pb_old_content":"","_et_gb_content_width":"","_joinchat":[],"footnotes":""},"categories":[2578,2577],"tags":[35,2580,2206,23,2277,2125,552,2579],"class_list":["post-3261","post","type-post","status-publish","format-standard","has-post-thumbnail","hentry","category-crisis-existenciales","category-variacion-de-la-felicidad-por-edades","tag-bienestar","tag-crisis-existenciales","tag-crisis-vitales","tag-felicidad","tag-plenitud","tag-serenidad","tag-terapia-a-coruna-y-online","tag-variacion-de-la-felicidad-por-edades"],"yoast_head":"<!-- This site is optimized with the Yoast SEO plugin v27.4 - https:\/\/yoast.com\/product\/yoast-seo-wordpress\/ -->\n<title>Variaci\u00f3n de la felicidad por edades - Consulta de Psicolog\u00eda Ana Garc\u00eda Rey<\/title>\n<meta name=\"description\" content=\"Muchas personas buscan la felicidad en metas externas: estabilidad econ\u00f3mica, reconocimiento, \u00e9xito profesional o una vida aparentemente perfecta. Sin embargo, en consulta psicol\u00f3gica aparece una realidad frecuente: personas que \u201clo tienen todo\u201d y aun as\u00ed sienten vac\u00edo, ansiedad o desconexi\u00f3n. Esto ocurre porque el bienestar emocional no depende solo de lo que conseguimos fuera, sino de la relaci\u00f3n entre nuestra vida diaria y lo que realmente valoramos por dentro.\" \/>\n<meta name=\"robots\" content=\"index, follow, max-snippet:-1, max-image-preview:large, max-video-preview:-1\" \/>\n<link rel=\"canonical\" href=\"https:\/\/psicologiaanagarciarey.com\/index.php\/2026\/04\/26\/variacion-de-la-felicidad-por-edades\/\" \/>\n<meta property=\"og:locale\" content=\"es_ES\" \/>\n<meta property=\"og:type\" content=\"article\" \/>\n<meta property=\"og:title\" content=\"Variaci\u00f3n de la felicidad por edades - Consulta de Psicolog\u00eda Ana Garc\u00eda Rey\" \/>\n<meta property=\"og:description\" content=\"Muchas personas buscan la felicidad en metas externas: estabilidad econ\u00f3mica, reconocimiento, \u00e9xito profesional o una vida aparentemente perfecta. Sin embargo, en consulta psicol\u00f3gica aparece una realidad frecuente: personas que \u201clo tienen todo\u201d y aun as\u00ed sienten vac\u00edo, ansiedad o desconexi\u00f3n. Esto ocurre porque el bienestar emocional no depende solo de lo que conseguimos fuera, sino de la relaci\u00f3n entre nuestra vida diaria y lo que realmente valoramos por dentro.\" \/>\n<meta property=\"og:url\" content=\"https:\/\/psicologiaanagarciarey.com\/index.php\/2026\/04\/26\/variacion-de-la-felicidad-por-edades\/\" \/>\n<meta property=\"og:site_name\" content=\"Consulta de Psicolog\u00eda Ana Garc\u00eda Rey\" \/>\n<meta property=\"article:published_time\" content=\"2026-04-26T14:45:21+00:00\" \/>\n<meta property=\"og:image\" content=\"https:\/\/psicologiaanagarciarey.com\/wp-content\/uploads\/2023\/02\/maxresdefault.jpg\" \/>\n\t<meta property=\"og:image:width\" content=\"1280\" \/>\n\t<meta property=\"og:image:height\" content=\"720\" \/>\n\t<meta property=\"og:image:type\" content=\"image\/jpeg\" \/>\n<meta name=\"author\" content=\"Ana Garc\u00eda Rey\" \/>\n<meta name=\"twitter:card\" content=\"summary_large_image\" \/>\n<meta name=\"twitter:label1\" content=\"Escrito por\" \/>\n\t<meta name=\"twitter:data1\" content=\"Ana Garc\u00eda Rey\" \/>\n\t<meta name=\"twitter:label2\" content=\"Tiempo de lectura\" \/>\n\t<meta name=\"twitter:data2\" content=\"5 minutos\" \/>\n<script type=\"application\/ld+json\" class=\"yoast-schema-graph\">{\"@context\":\"https:\\\/\\\/schema.org\",\"@graph\":[{\"@type\":\"Article\",\"@id\":\"https:\\\/\\\/psicologiaanagarciarey.com\\\/index.php\\\/2026\\\/04\\\/26\\\/variacion-de-la-felicidad-por-edades\\\/#article\",\"isPartOf\":{\"@id\":\"https:\\\/\\\/psicologiaanagarciarey.com\\\/index.php\\\/2026\\\/04\\\/26\\\/variacion-de-la-felicidad-por-edades\\\/\"},\"author\":{\"name\":\"Ana Garc\u00eda Rey\",\"@id\":\"https:\\\/\\\/psicologiaanagarciarey.com\\\/#\\\/schema\\\/person\\\/5107e05ee4f10b9f73f392f63a6ecd82\"},\"headline\":\"Variaci\u00f3n de la felicidad por edades\",\"datePublished\":\"2026-04-26T14:45:21+00:00\",\"mainEntityOfPage\":{\"@id\":\"https:\\\/\\\/psicologiaanagarciarey.com\\\/index.php\\\/2026\\\/04\\\/26\\\/variacion-de-la-felicidad-por-edades\\\/\"},\"wordCount\":1064,\"publisher\":{\"@id\":\"https:\\\/\\\/psicologiaanagarciarey.com\\\/#\\\/schema\\\/person\\\/5107e05ee4f10b9f73f392f63a6ecd82\"},\"image\":{\"@id\":\"https:\\\/\\\/psicologiaanagarciarey.com\\\/index.php\\\/2026\\\/04\\\/26\\\/variacion-de-la-felicidad-por-edades\\\/#primaryimage\"},\"thumbnailUrl\":\"https:\\\/\\\/psicologiaanagarciarey.com\\\/wp-content\\\/uploads\\\/2023\\\/02\\\/maxresdefault.jpg\",\"keywords\":[\"bienestar\",\"Crisis existenciales\",\"Crisis vitales\",\"felicidad\",\"Plenitud\",\"Serenidad\",\"Terapia A Coru\u00f1a y online\",\"Variaci\u00f3n de la felicidad por edades\"],\"articleSection\":[\"Crisis existenciales\",\"Variaci\u00f3n de la felicidad por edades\"],\"inLanguage\":\"es\"},{\"@type\":\"WebPage\",\"@id\":\"https:\\\/\\\/psicologiaanagarciarey.com\\\/index.php\\\/2026\\\/04\\\/26\\\/variacion-de-la-felicidad-por-edades\\\/\",\"url\":\"https:\\\/\\\/psicologiaanagarciarey.com\\\/index.php\\\/2026\\\/04\\\/26\\\/variacion-de-la-felicidad-por-edades\\\/\",\"name\":\"Variaci\u00f3n de la felicidad por edades - Consulta de Psicolog\u00eda Ana Garc\u00eda Rey\",\"isPartOf\":{\"@id\":\"https:\\\/\\\/psicologiaanagarciarey.com\\\/#website\"},\"primaryImageOfPage\":{\"@id\":\"https:\\\/\\\/psicologiaanagarciarey.com\\\/index.php\\\/2026\\\/04\\\/26\\\/variacion-de-la-felicidad-por-edades\\\/#primaryimage\"},\"image\":{\"@id\":\"https:\\\/\\\/psicologiaanagarciarey.com\\\/index.php\\\/2026\\\/04\\\/26\\\/variacion-de-la-felicidad-por-edades\\\/#primaryimage\"},\"thumbnailUrl\":\"https:\\\/\\\/psicologiaanagarciarey.com\\\/wp-content\\\/uploads\\\/2023\\\/02\\\/maxresdefault.jpg\",\"datePublished\":\"2026-04-26T14:45:21+00:00\",\"description\":\"Muchas personas buscan la felicidad en metas externas: estabilidad econ\u00f3mica, reconocimiento, \u00e9xito profesional o una vida aparentemente perfecta. Sin embargo, en consulta psicol\u00f3gica aparece una realidad frecuente: personas que \u201clo tienen todo\u201d y aun as\u00ed sienten vac\u00edo, ansiedad o desconexi\u00f3n. Esto ocurre porque el bienestar emocional no depende solo de lo que conseguimos fuera, sino de la relaci\u00f3n entre nuestra vida diaria y lo que realmente valoramos por dentro.\",\"breadcrumb\":{\"@id\":\"https:\\\/\\\/psicologiaanagarciarey.com\\\/index.php\\\/2026\\\/04\\\/26\\\/variacion-de-la-felicidad-por-edades\\\/#breadcrumb\"},\"inLanguage\":\"es\",\"potentialAction\":[{\"@type\":\"ReadAction\",\"target\":[\"https:\\\/\\\/psicologiaanagarciarey.com\\\/index.php\\\/2026\\\/04\\\/26\\\/variacion-de-la-felicidad-por-edades\\\/\"]}]},{\"@type\":\"ImageObject\",\"inLanguage\":\"es\",\"@id\":\"https:\\\/\\\/psicologiaanagarciarey.com\\\/index.php\\\/2026\\\/04\\\/26\\\/variacion-de-la-felicidad-por-edades\\\/#primaryimage\",\"url\":\"https:\\\/\\\/psicologiaanagarciarey.com\\\/wp-content\\\/uploads\\\/2023\\\/02\\\/maxresdefault.jpg\",\"contentUrl\":\"https:\\\/\\\/psicologiaanagarciarey.com\\\/wp-content\\\/uploads\\\/2023\\\/02\\\/maxresdefault.jpg\",\"width\":1280,\"height\":720},{\"@type\":\"BreadcrumbList\",\"@id\":\"https:\\\/\\\/psicologiaanagarciarey.com\\\/index.php\\\/2026\\\/04\\\/26\\\/variacion-de-la-felicidad-por-edades\\\/#breadcrumb\",\"itemListElement\":[{\"@type\":\"ListItem\",\"position\":1,\"name\":\"Portada\",\"item\":\"https:\\\/\\\/psicologiaanagarciarey.com\\\/\"},{\"@type\":\"ListItem\",\"position\":2,\"name\":\"Variaci\u00f3n de la felicidad por edades\"}]},{\"@type\":\"WebSite\",\"@id\":\"https:\\\/\\\/psicologiaanagarciarey.com\\\/#website\",\"url\":\"https:\\\/\\\/psicologiaanagarciarey.com\\\/\",\"name\":\"Consulta de Psicolog\u00eda General Sanitaria Ana Garc\u00eda Rey\",\"description\":\"Terapia en A Coru\u00f1a\",\"publisher\":{\"@id\":\"https:\\\/\\\/psicologiaanagarciarey.com\\\/#\\\/schema\\\/person\\\/5107e05ee4f10b9f73f392f63a6ecd82\"},\"potentialAction\":[{\"@type\":\"SearchAction\",\"target\":{\"@type\":\"EntryPoint\",\"urlTemplate\":\"https:\\\/\\\/psicologiaanagarciarey.com\\\/?s={search_term_string}\"},\"query-input\":{\"@type\":\"PropertyValueSpecification\",\"valueRequired\":true,\"valueName\":\"search_term_string\"}}],\"inLanguage\":\"es\"},{\"@type\":[\"Person\",\"Organization\"],\"@id\":\"https:\\\/\\\/psicologiaanagarciarey.com\\\/#\\\/schema\\\/person\\\/5107e05ee4f10b9f73f392f63a6ecd82\",\"name\":\"Ana Garc\u00eda Rey\",\"image\":{\"@type\":\"ImageObject\",\"inLanguage\":\"es\",\"@id\":\"https:\\\/\\\/psicologiaanagarciarey.com\\\/wp-content\\\/uploads\\\/2022\\\/11\\\/WhatsApp-Image-2022-11-24-at-12.17.29-PM.jpeg\",\"url\":\"https:\\\/\\\/psicologiaanagarciarey.com\\\/wp-content\\\/uploads\\\/2022\\\/11\\\/WhatsApp-Image-2022-11-24-at-12.17.29-PM.jpeg\",\"contentUrl\":\"https:\\\/\\\/psicologiaanagarciarey.com\\\/wp-content\\\/uploads\\\/2022\\\/11\\\/WhatsApp-Image-2022-11-24-at-12.17.29-PM.jpeg\",\"width\":500,\"height\":500,\"caption\":\"Ana Garc\u00eda Rey\"},\"logo\":{\"@id\":\"https:\\\/\\\/psicologiaanagarciarey.com\\\/wp-content\\\/uploads\\\/2022\\\/11\\\/WhatsApp-Image-2022-11-24-at-12.17.29-PM.jpeg\"},\"sameAs\":[\"https:\\\/\\\/psicologiaanagarciarey.com\"]}]}<\/script>\n<!-- \/ Yoast SEO plugin. -->","yoast_head_json":{"title":"Variaci\u00f3n de la felicidad por edades - Consulta de Psicolog\u00eda Ana Garc\u00eda Rey","description":"Muchas personas buscan la felicidad en metas externas: estabilidad econ\u00f3mica, reconocimiento, \u00e9xito profesional o una vida aparentemente perfecta. Sin embargo, en consulta psicol\u00f3gica aparece una realidad frecuente: personas que \u201clo tienen todo\u201d y aun as\u00ed sienten vac\u00edo, ansiedad o desconexi\u00f3n. Esto ocurre porque el bienestar emocional no depende solo de lo que conseguimos fuera, sino de la relaci\u00f3n entre nuestra vida diaria y lo que realmente valoramos por dentro.","robots":{"index":"index","follow":"follow","max-snippet":"max-snippet:-1","max-image-preview":"max-image-preview:large","max-video-preview":"max-video-preview:-1"},"canonical":"https:\/\/psicologiaanagarciarey.com\/index.php\/2026\/04\/26\/variacion-de-la-felicidad-por-edades\/","og_locale":"es_ES","og_type":"article","og_title":"Variaci\u00f3n de la felicidad por edades - Consulta de Psicolog\u00eda Ana Garc\u00eda Rey","og_description":"Muchas personas buscan la felicidad en metas externas: estabilidad econ\u00f3mica, reconocimiento, \u00e9xito profesional o una vida aparentemente perfecta. Sin embargo, en consulta psicol\u00f3gica aparece una realidad frecuente: personas que \u201clo tienen todo\u201d y aun as\u00ed sienten vac\u00edo, ansiedad o desconexi\u00f3n. Esto ocurre porque el bienestar emocional no depende solo de lo que conseguimos fuera, sino de la relaci\u00f3n entre nuestra vida diaria y lo que realmente valoramos por dentro.","og_url":"https:\/\/psicologiaanagarciarey.com\/index.php\/2026\/04\/26\/variacion-de-la-felicidad-por-edades\/","og_site_name":"Consulta de Psicolog\u00eda Ana Garc\u00eda Rey","article_published_time":"2026-04-26T14:45:21+00:00","og_image":[{"width":1280,"height":720,"url":"https:\/\/psicologiaanagarciarey.com\/wp-content\/uploads\/2023\/02\/maxresdefault.jpg","type":"image\/jpeg"}],"author":"Ana Garc\u00eda Rey","twitter_card":"summary_large_image","twitter_misc":{"Escrito por":"Ana Garc\u00eda Rey","Tiempo de lectura":"5 minutos"},"schema":{"@context":"https:\/\/schema.org","@graph":[{"@type":"Article","@id":"https:\/\/psicologiaanagarciarey.com\/index.php\/2026\/04\/26\/variacion-de-la-felicidad-por-edades\/#article","isPartOf":{"@id":"https:\/\/psicologiaanagarciarey.com\/index.php\/2026\/04\/26\/variacion-de-la-felicidad-por-edades\/"},"author":{"name":"Ana Garc\u00eda Rey","@id":"https:\/\/psicologiaanagarciarey.com\/#\/schema\/person\/5107e05ee4f10b9f73f392f63a6ecd82"},"headline":"Variaci\u00f3n de la felicidad por edades","datePublished":"2026-04-26T14:45:21+00:00","mainEntityOfPage":{"@id":"https:\/\/psicologiaanagarciarey.com\/index.php\/2026\/04\/26\/variacion-de-la-felicidad-por-edades\/"},"wordCount":1064,"publisher":{"@id":"https:\/\/psicologiaanagarciarey.com\/#\/schema\/person\/5107e05ee4f10b9f73f392f63a6ecd82"},"image":{"@id":"https:\/\/psicologiaanagarciarey.com\/index.php\/2026\/04\/26\/variacion-de-la-felicidad-por-edades\/#primaryimage"},"thumbnailUrl":"https:\/\/psicologiaanagarciarey.com\/wp-content\/uploads\/2023\/02\/maxresdefault.jpg","keywords":["bienestar","Crisis existenciales","Crisis vitales","felicidad","Plenitud","Serenidad","Terapia A Coru\u00f1a y online","Variaci\u00f3n de la felicidad por edades"],"articleSection":["Crisis existenciales","Variaci\u00f3n de la felicidad por edades"],"inLanguage":"es"},{"@type":"WebPage","@id":"https:\/\/psicologiaanagarciarey.com\/index.php\/2026\/04\/26\/variacion-de-la-felicidad-por-edades\/","url":"https:\/\/psicologiaanagarciarey.com\/index.php\/2026\/04\/26\/variacion-de-la-felicidad-por-edades\/","name":"Variaci\u00f3n de la felicidad por edades - Consulta de Psicolog\u00eda Ana Garc\u00eda Rey","isPartOf":{"@id":"https:\/\/psicologiaanagarciarey.com\/#website"},"primaryImageOfPage":{"@id":"https:\/\/psicologiaanagarciarey.com\/index.php\/2026\/04\/26\/variacion-de-la-felicidad-por-edades\/#primaryimage"},"image":{"@id":"https:\/\/psicologiaanagarciarey.com\/index.php\/2026\/04\/26\/variacion-de-la-felicidad-por-edades\/#primaryimage"},"thumbnailUrl":"https:\/\/psicologiaanagarciarey.com\/wp-content\/uploads\/2023\/02\/maxresdefault.jpg","datePublished":"2026-04-26T14:45:21+00:00","description":"Muchas personas buscan la felicidad en metas externas: estabilidad econ\u00f3mica, reconocimiento, \u00e9xito profesional o una vida aparentemente perfecta. Sin embargo, en consulta psicol\u00f3gica aparece una realidad frecuente: personas que \u201clo tienen todo\u201d y aun as\u00ed sienten vac\u00edo, ansiedad o desconexi\u00f3n. Esto ocurre porque el bienestar emocional no depende solo de lo que conseguimos fuera, sino de la relaci\u00f3n entre nuestra vida diaria y lo que realmente valoramos por dentro.","breadcrumb":{"@id":"https:\/\/psicologiaanagarciarey.com\/index.php\/2026\/04\/26\/variacion-de-la-felicidad-por-edades\/#breadcrumb"},"inLanguage":"es","potentialAction":[{"@type":"ReadAction","target":["https:\/\/psicologiaanagarciarey.com\/index.php\/2026\/04\/26\/variacion-de-la-felicidad-por-edades\/"]}]},{"@type":"ImageObject","inLanguage":"es","@id":"https:\/\/psicologiaanagarciarey.com\/index.php\/2026\/04\/26\/variacion-de-la-felicidad-por-edades\/#primaryimage","url":"https:\/\/psicologiaanagarciarey.com\/wp-content\/uploads\/2023\/02\/maxresdefault.jpg","contentUrl":"https:\/\/psicologiaanagarciarey.com\/wp-content\/uploads\/2023\/02\/maxresdefault.jpg","width":1280,"height":720},{"@type":"BreadcrumbList","@id":"https:\/\/psicologiaanagarciarey.com\/index.php\/2026\/04\/26\/variacion-de-la-felicidad-por-edades\/#breadcrumb","itemListElement":[{"@type":"ListItem","position":1,"name":"Portada","item":"https:\/\/psicologiaanagarciarey.com\/"},{"@type":"ListItem","position":2,"name":"Variaci\u00f3n de la felicidad por edades"}]},{"@type":"WebSite","@id":"https:\/\/psicologiaanagarciarey.com\/#website","url":"https:\/\/psicologiaanagarciarey.com\/","name":"Consulta de Psicolog\u00eda General Sanitaria Ana Garc\u00eda Rey","description":"Terapia en A Coru\u00f1a","publisher":{"@id":"https:\/\/psicologiaanagarciarey.com\/#\/schema\/person\/5107e05ee4f10b9f73f392f63a6ecd82"},"potentialAction":[{"@type":"SearchAction","target":{"@type":"EntryPoint","urlTemplate":"https:\/\/psicologiaanagarciarey.com\/?s={search_term_string}"},"query-input":{"@type":"PropertyValueSpecification","valueRequired":true,"valueName":"search_term_string"}}],"inLanguage":"es"},{"@type":["Person","Organization"],"@id":"https:\/\/psicologiaanagarciarey.com\/#\/schema\/person\/5107e05ee4f10b9f73f392f63a6ecd82","name":"Ana Garc\u00eda Rey","image":{"@type":"ImageObject","inLanguage":"es","@id":"https:\/\/psicologiaanagarciarey.com\/wp-content\/uploads\/2022\/11\/WhatsApp-Image-2022-11-24-at-12.17.29-PM.jpeg","url":"https:\/\/psicologiaanagarciarey.com\/wp-content\/uploads\/2022\/11\/WhatsApp-Image-2022-11-24-at-12.17.29-PM.jpeg","contentUrl":"https:\/\/psicologiaanagarciarey.com\/wp-content\/uploads\/2022\/11\/WhatsApp-Image-2022-11-24-at-12.17.29-PM.jpeg","width":500,"height":500,"caption":"Ana Garc\u00eda Rey"},"logo":{"@id":"https:\/\/psicologiaanagarciarey.com\/wp-content\/uploads\/2022\/11\/WhatsApp-Image-2022-11-24-at-12.17.29-PM.jpeg"},"sameAs":["https:\/\/psicologiaanagarciarey.com"]}]}},"_links":{"self":[{"href":"https:\/\/psicologiaanagarciarey.com\/index.php\/wp-json\/wp\/v2\/posts\/3261","targetHints":{"allow":["GET"]}}],"collection":[{"href":"https:\/\/psicologiaanagarciarey.com\/index.php\/wp-json\/wp\/v2\/posts"}],"about":[{"href":"https:\/\/psicologiaanagarciarey.com\/index.php\/wp-json\/wp\/v2\/types\/post"}],"author":[{"embeddable":true,"href":"https:\/\/psicologiaanagarciarey.com\/index.php\/wp-json\/wp\/v2\/users\/1"}],"replies":[{"embeddable":true,"href":"https:\/\/psicologiaanagarciarey.com\/index.php\/wp-json\/wp\/v2\/comments?post=3261"}],"version-history":[{"count":1,"href":"https:\/\/psicologiaanagarciarey.com\/index.php\/wp-json\/wp\/v2\/posts\/3261\/revisions"}],"predecessor-version":[{"id":3262,"href":"https:\/\/psicologiaanagarciarey.com\/index.php\/wp-json\/wp\/v2\/posts\/3261\/revisions\/3262"}],"wp:featuredmedia":[{"embeddable":true,"href":"https:\/\/psicologiaanagarciarey.com\/index.php\/wp-json\/wp\/v2\/media\/2220"}],"wp:attachment":[{"href":"https:\/\/psicologiaanagarciarey.com\/index.php\/wp-json\/wp\/v2\/media?parent=3261"}],"wp:term":[{"taxonomy":"category","embeddable":true,"href":"https:\/\/psicologiaanagarciarey.com\/index.php\/wp-json\/wp\/v2\/categories?post=3261"},{"taxonomy":"post_tag","embeddable":true,"href":"https:\/\/psicologiaanagarciarey.com\/index.php\/wp-json\/wp\/v2\/tags?post=3261"}],"curies":[{"name":"wp","href":"https:\/\/api.w.org\/{rel}","templated":true}]}}