{"id":3036,"date":"2025-04-20T09:50:51","date_gmt":"2025-04-20T09:50:51","guid":{"rendered":"https:\/\/psicologiaanagarciarey.com\/?p=3036"},"modified":"2025-04-20T09:50:51","modified_gmt":"2025-04-20T09:50:51","slug":"la-fatiga-por-compasion-en-sanitarios","status":"publish","type":"post","link":"https:\/\/psicologiaanagarciarey.com\/index.php\/2025\/04\/20\/la-fatiga-por-compasion-en-sanitarios\/","title":{"rendered":"La fatiga por compasi\u00f3n en sanitarios"},"content":{"rendered":"<p class=\"\" data-start=\"64\" data-end=\"496\">Cuidar a otros es una tarea profundamente humana. Escuchar, acompa\u00f1ar, sostener, aliviar el dolor ajeno\u2026 son actos que muchas veces nacen del amor, la vocaci\u00f3n y el compromiso \u00e9tico. Pero tambi\u00e9n pueden convertirse, con el tiempo, en una fuente silenciosa de desgaste. En el caso de los profesionales sanitarios \u2014m\u00e9dicos, enfermeros, psic\u00f3logos, auxiliares, terapeutas y otros\u2014 este desgaste tiene un nombre: <em data-start=\"473\" data-end=\"495\">fatiga por compasi\u00f3n<\/em>.<\/p>\n<p class=\"\" data-start=\"498\" data-end=\"965\">Este fen\u00f3meno, poco visibilizado hasta hace poco, describe una forma particular de<strong> agotamiento emocional<\/strong> que afecta a quienes, en su labor cotidiana, est\u00e1n en contacto directo con el sufrimiento humano. A veces se confunde con el \u201cburnout\u201d (s\u00edndrome de desgaste profesional), pero tiene caracter\u00edsticas distintas. Aqu\u00ed no se trata solo de estar sobrecargado, sino de lo que pasa internamente cuando uno asiste una y otra vez a experiencias de dolor, trauma o p\u00e9rdida.<\/p>\n<h3 class=\"\" data-start=\"972\" data-end=\"1008\">\u00bfQu\u00e9 es la fatiga por compasi\u00f3n?<\/h3>\n<p class=\"\" data-start=\"1010\" data-end=\"1369\">La fatiga por compasi\u00f3n es una respuesta emocional natural y acumulativa que puede surgir al exponerse de forma sostenida al sufrimiento de los dem\u00e1s. Afecta especialmente a quienes ejercen profesiones de ayuda y cuidado, como los sanitarios, que est\u00e1n constantemente disponibles para brindar apoyo f\u00edsico y emocional a pacientes en estados de vulnerabilidad.<\/p>\n<p class=\"\" data-start=\"1371\" data-end=\"1682\">No es un signo de debilidad ni de falta de vocaci\u00f3n. De hecho, suele aparecer precisamente en personas muy emp\u00e1ticas, comprometidas y sensibles al dolor ajeno. El problema no est\u00e1 en la compasi\u00f3n en s\u00ed, sino en lo que ocurre cuando no hay tiempo, recursos o espacio para procesar lo que se vive en el d\u00eda a d\u00eda.<\/p>\n<h3 class=\"\" data-start=\"1689\" data-end=\"1710\">Se\u00f1ales de alerta<\/h3>\n<p class=\"\" data-start=\"1712\" data-end=\"1897\">La fatiga por compasi\u00f3n no aparece de un d\u00eda para otro. Es un desgaste progresivo que muchas veces pasa desapercibido hasta que se vuelve dif\u00edcil de manejar. Algunas se\u00f1ales pueden ser:<\/p>\n<ul data-start=\"1899\" data-end=\"2415\">\n<li class=\"\" data-start=\"1899\" data-end=\"1963\">\n<p class=\"\" data-start=\"1901\" data-end=\"1963\"><strong data-start=\"1901\" data-end=\"1932\">Cansancio emocional extremo<\/strong>, incluso despu\u00e9s de descansar.<\/p>\n<\/li>\n<li class=\"\" data-start=\"1964\" data-end=\"2039\">\n<p class=\"\" data-start=\"1966\" data-end=\"2039\"><strong data-start=\"1966\" data-end=\"1992\">Irritabilidad o apat\u00eda<\/strong>, tanto en el trabajo como en la vida personal.<\/p>\n<\/li>\n<li class=\"\" data-start=\"2040\" data-end=\"2122\">\n<p class=\"\" data-start=\"2042\" data-end=\"2122\"><strong data-start=\"2042\" data-end=\"2087\">Dificultades para conectar emocionalmente<\/strong> con los pacientes o con uno mismo.<\/p>\n<\/li>\n<li class=\"\" data-start=\"2123\" data-end=\"2190\">\n<p class=\"\" data-start=\"2125\" data-end=\"2190\"><strong data-start=\"2125\" data-end=\"2147\">Despersonalizaci\u00f3n<\/strong>, sentir que se act\u00faa en piloto autom\u00e1tico.<\/p>\n<\/li>\n<li class=\"\" data-start=\"2191\" data-end=\"2267\">\n<p class=\"\" data-start=\"2193\" data-end=\"2267\"><strong data-start=\"2193\" data-end=\"2231\">Sentimientos de culpa o impotencia<\/strong> por no poder hacer \u201clo suficiente\u201d.<\/p>\n<\/li>\n<li class=\"\" data-start=\"2268\" data-end=\"2343\">\n<p class=\"\" data-start=\"2270\" data-end=\"2343\"><strong data-start=\"2270\" data-end=\"2294\">Tristeza persistente<\/strong>, p\u00e9rdida de sentido o desmotivaci\u00f3n profesional.<\/p>\n<\/li>\n<li class=\"\" data-start=\"2344\" data-end=\"2415\">\n<p class=\"\" data-start=\"2346\" data-end=\"2415\"><strong data-start=\"2346\" data-end=\"2371\">Problemas para dormir<\/strong>, dolores f\u00edsicos, alteraciones del apetito.<\/p>\n<\/li>\n<\/ul>\n<p class=\"\" data-start=\"2417\" data-end=\"2567\">Tambi\u00e9n puede haber un alejamiento de los propios v\u00ednculos, una p\u00e9rdida del placer en las actividades cotidianas o una sensaci\u00f3n de vac\u00edo existencial.<\/p>\n<h3 class=\"\" data-start=\"2574\" data-end=\"2594\">\u00bfPor qu\u00e9 ocurre?<\/h3>\n<p class=\"\" data-start=\"2596\" data-end=\"2931\">La fatiga por compasi\u00f3n ocurre cuando el dar se vuelve cr\u00f3nico y no hay espacio para recibir. Cuando el profesional est\u00e1 expuesto a situaciones de dolor intenso \u2014muertes, diagn\u00f3sticos terminales, sufrimiento ps\u00edquico, violencia\u2014 sin el tiempo o el apoyo necesario para procesarlo. Cuando cuidar al otro no incluye cuidarse a uno mismo.<\/p>\n<p class=\"\" data-start=\"2933\" data-end=\"3264\">En muchos entornos sanitarios, las condiciones laborales precarias, la sobrecarga asistencial, la falta de reconocimiento y la presi\u00f3n constante agravan el cuadro. La cultura del \u201caguante\u201d y la idea de que \u201cel paciente es lo primero\u201d muchas veces refuerzan la idea (inconsciente) de que el propio bienestar es secundario o ego\u00edsta.<\/p>\n<p class=\"\" data-start=\"3266\" data-end=\"3352\">Y sin embargo, nadie puede cuidar bien durante mucho tiempo si no se cuida a s\u00ed mismo.<\/p>\n<h3 class=\"\" data-start=\"3359\" data-end=\"3384\">El impacto silencioso<\/h3>\n<p class=\"\" data-start=\"3386\" data-end=\"3739\">Una de las grandes dificultades de la fatiga por compasi\u00f3n es que, al no ser reconocida ni nombrada, se vive en soledad. Muchos profesionales no hablan de lo que sienten por miedo a ser vistos como \u201cd\u00e9biles\u201d, \u201cmenos capaces\u201d o \u201cinsensibles\u201d. Pero lo cierto es que hablar del impacto emocional del trabajo asistencial no solo es leg\u00edtimo, sino necesario.<\/p>\n<p class=\"\" data-start=\"3741\" data-end=\"4087\">El desgaste no tratado puede derivar en trastornos del estado de \u00e1nimo, ansiedad, aislamiento, consumo de sustancias o abandono de la profesi\u00f3n. Pero incluso antes de llegar a esos extremos, puede tener efectos en la calidad de la atenci\u00f3n, la toma de decisiones cl\u00ednicas, la relaci\u00f3n con los pacientes y la salud f\u00edsica y mental del profesional.<\/p>\n<h3 class=\"\" data-start=\"4094\" data-end=\"4127\">\u00bfC\u00f3mo prevenirla y abordarla?<\/h3>\n<p class=\"\" data-start=\"4129\" data-end=\"4188\">No hay recetas m\u00e1gicas, pero s\u00ed algunas claves importantes:<\/p>\n<ul data-start=\"4190\" data-end=\"5167\">\n<li class=\"\" data-start=\"4190\" data-end=\"4321\">\n<p class=\"\" data-start=\"4192\" data-end=\"4321\"><strong data-start=\"4192\" data-end=\"4207\">Reconocerla<\/strong>: el primer paso es poder identificar que lo que uno siente tiene un nombre, una causa y que no es culpa personal.<\/p>\n<\/li>\n<li class=\"\" data-start=\"4322\" data-end=\"4490\">\n<p class=\"\" data-start=\"4324\" data-end=\"4490\"><strong data-start=\"4324\" data-end=\"4339\">Pedir ayuda<\/strong>: hablar con colegas, supervisores o acudir a terapia puede ser una v\u00eda para procesar lo vivido, encontrar sost\u00e9n y trabajar las emociones que emergen.<\/p>\n<\/li>\n<li class=\"\" data-start=\"4491\" data-end=\"4697\">\n<p class=\"\" data-start=\"4493\" data-end=\"4697\"><strong data-start=\"4493\" data-end=\"4519\">Autocuidado consciente<\/strong>: no se trata solo de dormir bien o comer sano (aunque eso ayuda), sino de preguntarse con honestidad: <em data-start=\"4622\" data-end=\"4697\">\u00bfQu\u00e9 necesito para sentirme mejor? \u00bfQu\u00e9 espacios me permiten volver a m\u00ed?<\/em><\/p>\n<\/li>\n<li class=\"\" data-start=\"4698\" data-end=\"4897\">\n<p class=\"\" data-start=\"4700\" data-end=\"4897\"><strong data-start=\"4700\" data-end=\"4722\">L\u00edmites saludables<\/strong>: aprender a poner l\u00edmites, no solo al entorno laboral, sino tambi\u00e9n a las propias exigencias internas. Saber que no se puede con todo, y que eso no te hace menos profesional.<\/p>\n<\/li>\n<li class=\"\" data-start=\"4898\" data-end=\"5013\">\n<p class=\"\" data-start=\"4900\" data-end=\"5013\"><strong data-start=\"4900\" data-end=\"4923\">Redes de contenci\u00f3n<\/strong>: cultivar v\u00ednculos fuera del trabajo, espacios de ocio, descanso y conexi\u00f3n con lo vital.<\/p>\n<\/li>\n<li class=\"\" data-start=\"5014\" data-end=\"5167\">\n<p class=\"\" data-start=\"5016\" data-end=\"5167\"><strong data-start=\"5016\" data-end=\"5039\">Formaci\u00f3n emocional<\/strong>: incorporar herramientas de inteligencia emocional y regulaci\u00f3n afectiva como parte de la formaci\u00f3n continua de los sanitarios.<\/p>\n<\/li>\n<\/ul>\n<h3 class=\"\" data-start=\"5174\" data-end=\"5201\">Cuidar a quienes cuidan<\/h3>\n<p class=\"\" data-start=\"5203\" data-end=\"5555\">La fatiga por compasi\u00f3n no se resuelve solo con \u201cm\u00e1s fuerza de voluntad\u201d. Requiere comprensi\u00f3n, pol\u00edticas de salud mental institucional, espacios de supervisi\u00f3n y acompa\u00f1amiento profesional. Es urgente que los sistemas de salud dejen de romantizar el sacrificio y empiecen a ver el bienestar del personal como parte esencial de una atenci\u00f3n de calidad.<\/p>\n<p class=\"\" data-start=\"5557\" data-end=\"5643\">Porque cuidar a quienes cuidan no es un lujo: es una necesidad \u00e9tica, humana y social.<\/p>\n<p class=\"\" data-start=\"5650\" data-end=\"5664\"><strong data-start=\"5650\" data-end=\"5664\">En resumen<\/strong><\/p>\n<p class=\"\" data-start=\"5666\" data-end=\"6034\">La fatiga por compasi\u00f3n no es un fallo del profesional, sino una consecuencia l\u00f3gica de estar demasiado tiempo sosteniendo el dolor de otros sin espacio para procesar el propio. Reconocerla es el primer paso para prevenirla y tratarla. Cuidarse no es dejar de cuidar, es hacerlo de forma sostenible, amorosa y humana. Porque solo quien se cuida puede cuidar de verdad.<\/p>\n<p>En la<strong><b>\u00a0Consulta de Psicolog\u00eda General Sanitaria Ana Garc\u00eda Rey<\/b><\/strong>\u00a0realizamos terapia individualizada y de alto nivel, proporcion\u00e1ndote apoyo de calidad y t\u00e9cnicas eficaces.<\/p>\n<p>Ll\u00e1manos o manda un WhatsApp al tel\u00e9fono: <strong><b>644191359<\/b><\/strong>.<\/p>\n<p>O, si lo prefieres, env\u00eda un email a: <strong><b>anagarciarey.psicologa@gmail.com<\/b><\/strong>.<\/p>\n<p>Estamos entre <strong><b>los mejores psic\u00f3logos de A Coru\u00f1a y online<\/b><\/strong>, con los mejores precios.<\/p>\n","protected":false},"excerpt":{"rendered":"<p>Cuidar a otros es una tarea profundamente humana. Escuchar, acompa\u00f1ar, sostener, aliviar el dolor ajeno\u2026 son actos que muchas veces nacen del amor, la vocaci\u00f3n y el compromiso \u00e9tico. Pero tambi\u00e9n pueden convertirse, con el tiempo, en una fuente silenciosa de desgaste. En el caso de los profesionales sanitarios \u2014m\u00e9dicos, enfermeros, psic\u00f3logos, auxiliares, terapeutas y otros\u2014 este desgaste tiene un nombre: fatiga por compasi\u00f3n.<\/p>\n","protected":false},"author":1,"featured_media":2151,"comment_status":"closed","ping_status":"closed","sticky":false,"template":"","format":"standard","meta":{"_et_pb_use_builder":"","_et_pb_old_content":"","_et_gb_content_width":"","_joinchat":[],"footnotes":""},"categories":[1955,1953,1952,1954,1956],"tags":[317,1960,33,105,1959,1958,1962,1681,1961,552],"class_list":["post-3036","post","type-post","status-publish","format-standard","has-post-thumbnail","hentry","category-desgaste-mental","category-fatiga-por-compasion","category-la-fatiga-por-compasion-en-sanitarios","category-profesionales-de-la-salud","category-sufrimiento","tag-agotamiento-emocional","tag-agotamiento-mental","tag-autocuidado","tag-burnout","tag-desgaste","tag-la-fatiga-por-compasion-en-sanitarios","tag-profesionales-de-la-salud","tag-rol-del-cuidador","tag-sanitarios","tag-terapia-a-coruna-y-online"],"yoast_head":"<!-- This site is optimized with the Yoast SEO plugin v27.5 - https:\/\/yoast.com\/product\/yoast-seo-wordpress\/ -->\n<title>La fatiga por compasi\u00f3n en sanitarios - Consulta de Psicolog\u00eda Ana Garc\u00eda Rey<\/title>\n<meta name=\"description\" content=\"Cuidar a otros es una tarea profundamente humana. Escuchar, acompa\u00f1ar, sostener, aliviar el dolor ajeno\u2026 son actos que muchas veces nacen del amor, la vocaci\u00f3n y el compromiso \u00e9tico. Pero tambi\u00e9n pueden convertirse, con el tiempo, en una fuente silenciosa de desgaste. En el caso de los profesionales sanitarios \u2014m\u00e9dicos, enfermeros, psic\u00f3logos, auxiliares, terapeutas y otros\u2014 este desgaste tiene un nombre: fatiga por compasi\u00f3n.\" \/>\n<meta name=\"robots\" content=\"index, follow, max-snippet:-1, max-image-preview:large, max-video-preview:-1\" \/>\n<link rel=\"canonical\" href=\"https:\/\/psicologiaanagarciarey.com\/index.php\/2025\/04\/20\/la-fatiga-por-compasion-en-sanitarios\/\" \/>\n<meta property=\"og:locale\" content=\"es_ES\" \/>\n<meta property=\"og:type\" content=\"article\" \/>\n<meta property=\"og:title\" content=\"La fatiga por compasi\u00f3n en sanitarios - Consulta de Psicolog\u00eda Ana Garc\u00eda Rey\" \/>\n<meta property=\"og:description\" content=\"Cuidar a otros es una tarea profundamente humana. Escuchar, acompa\u00f1ar, sostener, aliviar el dolor ajeno\u2026 son actos que muchas veces nacen del amor, la vocaci\u00f3n y el compromiso \u00e9tico. Pero tambi\u00e9n pueden convertirse, con el tiempo, en una fuente silenciosa de desgaste. En el caso de los profesionales sanitarios \u2014m\u00e9dicos, enfermeros, psic\u00f3logos, auxiliares, terapeutas y otros\u2014 este desgaste tiene un nombre: fatiga por compasi\u00f3n.\" \/>\n<meta property=\"og:url\" content=\"https:\/\/psicologiaanagarciarey.com\/index.php\/2025\/04\/20\/la-fatiga-por-compasion-en-sanitarios\/\" \/>\n<meta property=\"og:site_name\" content=\"Consulta de Psicolog\u00eda Ana Garc\u00eda Rey\" \/>\n<meta property=\"article:published_time\" content=\"2025-04-20T09:50:51+00:00\" \/>\n<meta property=\"og:image\" content=\"https:\/\/psicologiaanagarciarey.com\/wp-content\/uploads\/2023\/01\/por-que-el-blue-monday-es-el-dia-mas-triste-del-ano_e972ee43_1280x720.jpg\" \/>\n\t<meta property=\"og:image:width\" content=\"1280\" \/>\n\t<meta property=\"og:image:height\" content=\"720\" \/>\n\t<meta property=\"og:image:type\" content=\"image\/jpeg\" \/>\n<meta name=\"author\" content=\"Ana Garc\u00eda Rey\" \/>\n<meta name=\"twitter:card\" content=\"summary_large_image\" \/>\n<meta name=\"twitter:label1\" content=\"Escrito por\" \/>\n\t<meta name=\"twitter:data1\" content=\"Ana Garc\u00eda Rey\" \/>\n\t<meta name=\"twitter:label2\" content=\"Tiempo de lectura\" \/>\n\t<meta name=\"twitter:data2\" content=\"5 minutos\" \/>\n<script type=\"application\/ld+json\" class=\"yoast-schema-graph\">{\"@context\":\"https:\\\/\\\/schema.org\",\"@graph\":[{\"@type\":\"Article\",\"@id\":\"https:\\\/\\\/psicologiaanagarciarey.com\\\/index.php\\\/2025\\\/04\\\/20\\\/la-fatiga-por-compasion-en-sanitarios\\\/#article\",\"isPartOf\":{\"@id\":\"https:\\\/\\\/psicologiaanagarciarey.com\\\/index.php\\\/2025\\\/04\\\/20\\\/la-fatiga-por-compasion-en-sanitarios\\\/\"},\"author\":{\"name\":\"Ana Garc\u00eda Rey\",\"@id\":\"https:\\\/\\\/psicologiaanagarciarey.com\\\/#\\\/schema\\\/person\\\/5107e05ee4f10b9f73f392f63a6ecd82\"},\"headline\":\"La fatiga por compasi\u00f3n en sanitarios\",\"datePublished\":\"2025-04-20T09:50:51+00:00\",\"mainEntityOfPage\":{\"@id\":\"https:\\\/\\\/psicologiaanagarciarey.com\\\/index.php\\\/2025\\\/04\\\/20\\\/la-fatiga-por-compasion-en-sanitarios\\\/\"},\"wordCount\":1066,\"publisher\":{\"@id\":\"https:\\\/\\\/psicologiaanagarciarey.com\\\/#\\\/schema\\\/person\\\/5107e05ee4f10b9f73f392f63a6ecd82\"},\"image\":{\"@id\":\"https:\\\/\\\/psicologiaanagarciarey.com\\\/index.php\\\/2025\\\/04\\\/20\\\/la-fatiga-por-compasion-en-sanitarios\\\/#primaryimage\"},\"thumbnailUrl\":\"https:\\\/\\\/psicologiaanagarciarey.com\\\/wp-content\\\/uploads\\\/2023\\\/01\\\/por-que-el-blue-monday-es-el-dia-mas-triste-del-ano_e972ee43_1280x720.jpg\",\"keywords\":[\"Agotamiento emocional\",\"Agotamiento mental\",\"autocuidado\",\"burnout\",\"Desgaste\",\"La fatiga por compasi\u00f3n en sanitarios\",\"Profesionales de la salud\",\"Rol del cuidador\",\"Sanitarios\",\"Terapia A Coru\u00f1a y online\"],\"articleSection\":[\"Desgaste mental\",\"Fatiga por compasi\u00f3n\",\"La fatiga por compasi\u00f3n en sanitarios\",\"Profesionales de la salud\",\"Sufrimiento\"],\"inLanguage\":\"es\"},{\"@type\":\"WebPage\",\"@id\":\"https:\\\/\\\/psicologiaanagarciarey.com\\\/index.php\\\/2025\\\/04\\\/20\\\/la-fatiga-por-compasion-en-sanitarios\\\/\",\"url\":\"https:\\\/\\\/psicologiaanagarciarey.com\\\/index.php\\\/2025\\\/04\\\/20\\\/la-fatiga-por-compasion-en-sanitarios\\\/\",\"name\":\"La fatiga por compasi\u00f3n en sanitarios - Consulta de Psicolog\u00eda Ana Garc\u00eda Rey\",\"isPartOf\":{\"@id\":\"https:\\\/\\\/psicologiaanagarciarey.com\\\/#website\"},\"primaryImageOfPage\":{\"@id\":\"https:\\\/\\\/psicologiaanagarciarey.com\\\/index.php\\\/2025\\\/04\\\/20\\\/la-fatiga-por-compasion-en-sanitarios\\\/#primaryimage\"},\"image\":{\"@id\":\"https:\\\/\\\/psicologiaanagarciarey.com\\\/index.php\\\/2025\\\/04\\\/20\\\/la-fatiga-por-compasion-en-sanitarios\\\/#primaryimage\"},\"thumbnailUrl\":\"https:\\\/\\\/psicologiaanagarciarey.com\\\/wp-content\\\/uploads\\\/2023\\\/01\\\/por-que-el-blue-monday-es-el-dia-mas-triste-del-ano_e972ee43_1280x720.jpg\",\"datePublished\":\"2025-04-20T09:50:51+00:00\",\"description\":\"Cuidar a otros es una tarea profundamente humana. Escuchar, acompa\u00f1ar, sostener, aliviar el dolor ajeno\u2026 son actos que muchas veces nacen del amor, la vocaci\u00f3n y el compromiso \u00e9tico. Pero tambi\u00e9n pueden convertirse, con el tiempo, en una fuente silenciosa de desgaste. En el caso de los profesionales sanitarios \u2014m\u00e9dicos, enfermeros, psic\u00f3logos, auxiliares, terapeutas y otros\u2014 este desgaste tiene un nombre: fatiga por compasi\u00f3n.\",\"breadcrumb\":{\"@id\":\"https:\\\/\\\/psicologiaanagarciarey.com\\\/index.php\\\/2025\\\/04\\\/20\\\/la-fatiga-por-compasion-en-sanitarios\\\/#breadcrumb\"},\"inLanguage\":\"es\",\"potentialAction\":[{\"@type\":\"ReadAction\",\"target\":[\"https:\\\/\\\/psicologiaanagarciarey.com\\\/index.php\\\/2025\\\/04\\\/20\\\/la-fatiga-por-compasion-en-sanitarios\\\/\"]}]},{\"@type\":\"ImageObject\",\"inLanguage\":\"es\",\"@id\":\"https:\\\/\\\/psicologiaanagarciarey.com\\\/index.php\\\/2025\\\/04\\\/20\\\/la-fatiga-por-compasion-en-sanitarios\\\/#primaryimage\",\"url\":\"https:\\\/\\\/psicologiaanagarciarey.com\\\/wp-content\\\/uploads\\\/2023\\\/01\\\/por-que-el-blue-monday-es-el-dia-mas-triste-del-ano_e972ee43_1280x720.jpg\",\"contentUrl\":\"https:\\\/\\\/psicologiaanagarciarey.com\\\/wp-content\\\/uploads\\\/2023\\\/01\\\/por-que-el-blue-monday-es-el-dia-mas-triste-del-ano_e972ee43_1280x720.jpg\",\"width\":1280,\"height\":720},{\"@type\":\"BreadcrumbList\",\"@id\":\"https:\\\/\\\/psicologiaanagarciarey.com\\\/index.php\\\/2025\\\/04\\\/20\\\/la-fatiga-por-compasion-en-sanitarios\\\/#breadcrumb\",\"itemListElement\":[{\"@type\":\"ListItem\",\"position\":1,\"name\":\"Portada\",\"item\":\"https:\\\/\\\/psicologiaanagarciarey.com\\\/\"},{\"@type\":\"ListItem\",\"position\":2,\"name\":\"La fatiga por compasi\u00f3n en sanitarios\"}]},{\"@type\":\"WebSite\",\"@id\":\"https:\\\/\\\/psicologiaanagarciarey.com\\\/#website\",\"url\":\"https:\\\/\\\/psicologiaanagarciarey.com\\\/\",\"name\":\"Consulta de Psicolog\u00eda General Sanitaria Ana Garc\u00eda Rey\",\"description\":\"Terapia en A Coru\u00f1a\",\"publisher\":{\"@id\":\"https:\\\/\\\/psicologiaanagarciarey.com\\\/#\\\/schema\\\/person\\\/5107e05ee4f10b9f73f392f63a6ecd82\"},\"potentialAction\":[{\"@type\":\"SearchAction\",\"target\":{\"@type\":\"EntryPoint\",\"urlTemplate\":\"https:\\\/\\\/psicologiaanagarciarey.com\\\/?s={search_term_string}\"},\"query-input\":{\"@type\":\"PropertyValueSpecification\",\"valueRequired\":true,\"valueName\":\"search_term_string\"}}],\"inLanguage\":\"es\"},{\"@type\":[\"Person\",\"Organization\"],\"@id\":\"https:\\\/\\\/psicologiaanagarciarey.com\\\/#\\\/schema\\\/person\\\/5107e05ee4f10b9f73f392f63a6ecd82\",\"name\":\"Ana Garc\u00eda Rey\",\"image\":{\"@type\":\"ImageObject\",\"inLanguage\":\"es\",\"@id\":\"https:\\\/\\\/psicologiaanagarciarey.com\\\/wp-content\\\/uploads\\\/2022\\\/11\\\/WhatsApp-Image-2022-11-24-at-12.17.29-PM.jpeg\",\"url\":\"https:\\\/\\\/psicologiaanagarciarey.com\\\/wp-content\\\/uploads\\\/2022\\\/11\\\/WhatsApp-Image-2022-11-24-at-12.17.29-PM.jpeg\",\"contentUrl\":\"https:\\\/\\\/psicologiaanagarciarey.com\\\/wp-content\\\/uploads\\\/2022\\\/11\\\/WhatsApp-Image-2022-11-24-at-12.17.29-PM.jpeg\",\"width\":500,\"height\":500,\"caption\":\"Ana Garc\u00eda Rey\"},\"logo\":{\"@id\":\"https:\\\/\\\/psicologiaanagarciarey.com\\\/wp-content\\\/uploads\\\/2022\\\/11\\\/WhatsApp-Image-2022-11-24-at-12.17.29-PM.jpeg\"},\"sameAs\":[\"https:\\\/\\\/psicologiaanagarciarey.com\"]}]}<\/script>\n<!-- \/ Yoast SEO plugin. -->","yoast_head_json":{"title":"La fatiga por compasi\u00f3n en sanitarios - Consulta de Psicolog\u00eda Ana Garc\u00eda Rey","description":"Cuidar a otros es una tarea profundamente humana. Escuchar, acompa\u00f1ar, sostener, aliviar el dolor ajeno\u2026 son actos que muchas veces nacen del amor, la vocaci\u00f3n y el compromiso \u00e9tico. Pero tambi\u00e9n pueden convertirse, con el tiempo, en una fuente silenciosa de desgaste. En el caso de los profesionales sanitarios \u2014m\u00e9dicos, enfermeros, psic\u00f3logos, auxiliares, terapeutas y otros\u2014 este desgaste tiene un nombre: fatiga por compasi\u00f3n.","robots":{"index":"index","follow":"follow","max-snippet":"max-snippet:-1","max-image-preview":"max-image-preview:large","max-video-preview":"max-video-preview:-1"},"canonical":"https:\/\/psicologiaanagarciarey.com\/index.php\/2025\/04\/20\/la-fatiga-por-compasion-en-sanitarios\/","og_locale":"es_ES","og_type":"article","og_title":"La fatiga por compasi\u00f3n en sanitarios - Consulta de Psicolog\u00eda Ana Garc\u00eda Rey","og_description":"Cuidar a otros es una tarea profundamente humana. Escuchar, acompa\u00f1ar, sostener, aliviar el dolor ajeno\u2026 son actos que muchas veces nacen del amor, la vocaci\u00f3n y el compromiso \u00e9tico. Pero tambi\u00e9n pueden convertirse, con el tiempo, en una fuente silenciosa de desgaste. En el caso de los profesionales sanitarios \u2014m\u00e9dicos, enfermeros, psic\u00f3logos, auxiliares, terapeutas y otros\u2014 este desgaste tiene un nombre: fatiga por compasi\u00f3n.","og_url":"https:\/\/psicologiaanagarciarey.com\/index.php\/2025\/04\/20\/la-fatiga-por-compasion-en-sanitarios\/","og_site_name":"Consulta de Psicolog\u00eda Ana Garc\u00eda Rey","article_published_time":"2025-04-20T09:50:51+00:00","og_image":[{"width":1280,"height":720,"url":"https:\/\/psicologiaanagarciarey.com\/wp-content\/uploads\/2023\/01\/por-que-el-blue-monday-es-el-dia-mas-triste-del-ano_e972ee43_1280x720.jpg","type":"image\/jpeg"}],"author":"Ana Garc\u00eda Rey","twitter_card":"summary_large_image","twitter_misc":{"Escrito por":"Ana Garc\u00eda Rey","Tiempo de lectura":"5 minutos"},"schema":{"@context":"https:\/\/schema.org","@graph":[{"@type":"Article","@id":"https:\/\/psicologiaanagarciarey.com\/index.php\/2025\/04\/20\/la-fatiga-por-compasion-en-sanitarios\/#article","isPartOf":{"@id":"https:\/\/psicologiaanagarciarey.com\/index.php\/2025\/04\/20\/la-fatiga-por-compasion-en-sanitarios\/"},"author":{"name":"Ana Garc\u00eda Rey","@id":"https:\/\/psicologiaanagarciarey.com\/#\/schema\/person\/5107e05ee4f10b9f73f392f63a6ecd82"},"headline":"La fatiga por compasi\u00f3n en sanitarios","datePublished":"2025-04-20T09:50:51+00:00","mainEntityOfPage":{"@id":"https:\/\/psicologiaanagarciarey.com\/index.php\/2025\/04\/20\/la-fatiga-por-compasion-en-sanitarios\/"},"wordCount":1066,"publisher":{"@id":"https:\/\/psicologiaanagarciarey.com\/#\/schema\/person\/5107e05ee4f10b9f73f392f63a6ecd82"},"image":{"@id":"https:\/\/psicologiaanagarciarey.com\/index.php\/2025\/04\/20\/la-fatiga-por-compasion-en-sanitarios\/#primaryimage"},"thumbnailUrl":"https:\/\/psicologiaanagarciarey.com\/wp-content\/uploads\/2023\/01\/por-que-el-blue-monday-es-el-dia-mas-triste-del-ano_e972ee43_1280x720.jpg","keywords":["Agotamiento emocional","Agotamiento mental","autocuidado","burnout","Desgaste","La fatiga por compasi\u00f3n en sanitarios","Profesionales de la salud","Rol del cuidador","Sanitarios","Terapia A Coru\u00f1a y online"],"articleSection":["Desgaste mental","Fatiga por compasi\u00f3n","La fatiga por compasi\u00f3n en sanitarios","Profesionales de la salud","Sufrimiento"],"inLanguage":"es"},{"@type":"WebPage","@id":"https:\/\/psicologiaanagarciarey.com\/index.php\/2025\/04\/20\/la-fatiga-por-compasion-en-sanitarios\/","url":"https:\/\/psicologiaanagarciarey.com\/index.php\/2025\/04\/20\/la-fatiga-por-compasion-en-sanitarios\/","name":"La fatiga por compasi\u00f3n en sanitarios - Consulta de Psicolog\u00eda Ana Garc\u00eda Rey","isPartOf":{"@id":"https:\/\/psicologiaanagarciarey.com\/#website"},"primaryImageOfPage":{"@id":"https:\/\/psicologiaanagarciarey.com\/index.php\/2025\/04\/20\/la-fatiga-por-compasion-en-sanitarios\/#primaryimage"},"image":{"@id":"https:\/\/psicologiaanagarciarey.com\/index.php\/2025\/04\/20\/la-fatiga-por-compasion-en-sanitarios\/#primaryimage"},"thumbnailUrl":"https:\/\/psicologiaanagarciarey.com\/wp-content\/uploads\/2023\/01\/por-que-el-blue-monday-es-el-dia-mas-triste-del-ano_e972ee43_1280x720.jpg","datePublished":"2025-04-20T09:50:51+00:00","description":"Cuidar a otros es una tarea profundamente humana. Escuchar, acompa\u00f1ar, sostener, aliviar el dolor ajeno\u2026 son actos que muchas veces nacen del amor, la vocaci\u00f3n y el compromiso \u00e9tico. Pero tambi\u00e9n pueden convertirse, con el tiempo, en una fuente silenciosa de desgaste. En el caso de los profesionales sanitarios \u2014m\u00e9dicos, enfermeros, psic\u00f3logos, auxiliares, terapeutas y otros\u2014 este desgaste tiene un nombre: fatiga por compasi\u00f3n.","breadcrumb":{"@id":"https:\/\/psicologiaanagarciarey.com\/index.php\/2025\/04\/20\/la-fatiga-por-compasion-en-sanitarios\/#breadcrumb"},"inLanguage":"es","potentialAction":[{"@type":"ReadAction","target":["https:\/\/psicologiaanagarciarey.com\/index.php\/2025\/04\/20\/la-fatiga-por-compasion-en-sanitarios\/"]}]},{"@type":"ImageObject","inLanguage":"es","@id":"https:\/\/psicologiaanagarciarey.com\/index.php\/2025\/04\/20\/la-fatiga-por-compasion-en-sanitarios\/#primaryimage","url":"https:\/\/psicologiaanagarciarey.com\/wp-content\/uploads\/2023\/01\/por-que-el-blue-monday-es-el-dia-mas-triste-del-ano_e972ee43_1280x720.jpg","contentUrl":"https:\/\/psicologiaanagarciarey.com\/wp-content\/uploads\/2023\/01\/por-que-el-blue-monday-es-el-dia-mas-triste-del-ano_e972ee43_1280x720.jpg","width":1280,"height":720},{"@type":"BreadcrumbList","@id":"https:\/\/psicologiaanagarciarey.com\/index.php\/2025\/04\/20\/la-fatiga-por-compasion-en-sanitarios\/#breadcrumb","itemListElement":[{"@type":"ListItem","position":1,"name":"Portada","item":"https:\/\/psicologiaanagarciarey.com\/"},{"@type":"ListItem","position":2,"name":"La fatiga por compasi\u00f3n en sanitarios"}]},{"@type":"WebSite","@id":"https:\/\/psicologiaanagarciarey.com\/#website","url":"https:\/\/psicologiaanagarciarey.com\/","name":"Consulta de Psicolog\u00eda General Sanitaria Ana Garc\u00eda Rey","description":"Terapia en A Coru\u00f1a","publisher":{"@id":"https:\/\/psicologiaanagarciarey.com\/#\/schema\/person\/5107e05ee4f10b9f73f392f63a6ecd82"},"potentialAction":[{"@type":"SearchAction","target":{"@type":"EntryPoint","urlTemplate":"https:\/\/psicologiaanagarciarey.com\/?s={search_term_string}"},"query-input":{"@type":"PropertyValueSpecification","valueRequired":true,"valueName":"search_term_string"}}],"inLanguage":"es"},{"@type":["Person","Organization"],"@id":"https:\/\/psicologiaanagarciarey.com\/#\/schema\/person\/5107e05ee4f10b9f73f392f63a6ecd82","name":"Ana Garc\u00eda Rey","image":{"@type":"ImageObject","inLanguage":"es","@id":"https:\/\/psicologiaanagarciarey.com\/wp-content\/uploads\/2022\/11\/WhatsApp-Image-2022-11-24-at-12.17.29-PM.jpeg","url":"https:\/\/psicologiaanagarciarey.com\/wp-content\/uploads\/2022\/11\/WhatsApp-Image-2022-11-24-at-12.17.29-PM.jpeg","contentUrl":"https:\/\/psicologiaanagarciarey.com\/wp-content\/uploads\/2022\/11\/WhatsApp-Image-2022-11-24-at-12.17.29-PM.jpeg","width":500,"height":500,"caption":"Ana Garc\u00eda Rey"},"logo":{"@id":"https:\/\/psicologiaanagarciarey.com\/wp-content\/uploads\/2022\/11\/WhatsApp-Image-2022-11-24-at-12.17.29-PM.jpeg"},"sameAs":["https:\/\/psicologiaanagarciarey.com"]}]}},"_links":{"self":[{"href":"https:\/\/psicologiaanagarciarey.com\/index.php\/wp-json\/wp\/v2\/posts\/3036","targetHints":{"allow":["GET"]}}],"collection":[{"href":"https:\/\/psicologiaanagarciarey.com\/index.php\/wp-json\/wp\/v2\/posts"}],"about":[{"href":"https:\/\/psicologiaanagarciarey.com\/index.php\/wp-json\/wp\/v2\/types\/post"}],"author":[{"embeddable":true,"href":"https:\/\/psicologiaanagarciarey.com\/index.php\/wp-json\/wp\/v2\/users\/1"}],"replies":[{"embeddable":true,"href":"https:\/\/psicologiaanagarciarey.com\/index.php\/wp-json\/wp\/v2\/comments?post=3036"}],"version-history":[{"count":1,"href":"https:\/\/psicologiaanagarciarey.com\/index.php\/wp-json\/wp\/v2\/posts\/3036\/revisions"}],"predecessor-version":[{"id":3037,"href":"https:\/\/psicologiaanagarciarey.com\/index.php\/wp-json\/wp\/v2\/posts\/3036\/revisions\/3037"}],"wp:featuredmedia":[{"embeddable":true,"href":"https:\/\/psicologiaanagarciarey.com\/index.php\/wp-json\/wp\/v2\/media\/2151"}],"wp:attachment":[{"href":"https:\/\/psicologiaanagarciarey.com\/index.php\/wp-json\/wp\/v2\/media?parent=3036"}],"wp:term":[{"taxonomy":"category","embeddable":true,"href":"https:\/\/psicologiaanagarciarey.com\/index.php\/wp-json\/wp\/v2\/categories?post=3036"},{"taxonomy":"post_tag","embeddable":true,"href":"https:\/\/psicologiaanagarciarey.com\/index.php\/wp-json\/wp\/v2\/tags?post=3036"}],"curies":[{"name":"wp","href":"https:\/\/api.w.org\/{rel}","templated":true}]}}