{"id":2969,"date":"2025-03-04T20:01:15","date_gmt":"2025-03-04T20:01:15","guid":{"rendered":"https:\/\/psicologiaanagarciarey.com\/?p=2969"},"modified":"2025-03-04T20:01:15","modified_gmt":"2025-03-04T20:01:15","slug":"la-invalidacion-emocional","status":"publish","type":"post","link":"https:\/\/psicologiaanagarciarey.com\/index.php\/2025\/03\/04\/la-invalidacion-emocional\/","title":{"rendered":"La invalidaci\u00f3n emocional"},"content":{"rendered":"<p data-pm-slice=\"1 1 []\">La invalidaci\u00f3n emocional es un fen\u00f3meno psicol\u00f3gico que ocurre cuando los sentimientos o experiencias de una persona son minimizados, ignorados o rechazados. Se trata de una forma de comunicaci\u00f3n que, aunque a veces es involuntaria, puede generar un impacto profundo en la autoestima y el bienestar emocional de quien la experimenta.<\/p>\n<h4>\u00bfQu\u00e9 es la invalidaci\u00f3n emocional?<\/h4>\n<p>La invalidaci\u00f3n emocional ocurre cuando una persona expresa sus emociones y recibe una respuesta que desestima, ridiculiza o menosprecia lo que siente. Puede manifestarse de manera verbal o no verbal y es frecuente en distintos tipos de relaciones, ya sea en la familia, la pareja, la amistad o el \u00e1mbito laboral.<\/p>\n<p>Algunos ejemplos comunes de invalidaci\u00f3n emocional incluyen:<\/p>\n<ul data-spread=\"false\">\n<li><strong>Minimizaci\u00f3n de los sentimientos<\/strong>: \u00abNo es para tanto, est\u00e1s exagerando\u00bb.<\/li>\n<li><strong>Comparaci\u00f3n con otros<\/strong>: \u00abHay personas que lo pasan peor que t\u00fa\u00bb.<\/li>\n<li><strong>Desestimaci\u00f3n de la experiencia personal<\/strong>: \u00abNo deber\u00edas sentirte as\u00ed\u00bb.<\/li>\n<li><strong>Culpabilizaci\u00f3n<\/strong>: \u00abSi te sientes as\u00ed, es porque t\u00fa te lo buscas\u00bb.<\/li>\n<li><strong>Cambio de tema o evasi\u00f3n<\/strong>: Ignorar o cambiar la conversaci\u00f3n cuando alguien expresa sus emociones.<\/li>\n<\/ul>\n<h4>Consecuencias de la invalidaci\u00f3n emocional<\/h4>\n<p>Cuando una persona es constantemente invalidada, puede desarrollar diversas dificultades emocionales y psicol\u00f3gicas, tales como:<\/p>\n<ul data-spread=\"false\">\n<li><strong>Baja autoestima<\/strong>: Sentirse constantemente incomprendido puede generar dudas sobre el propio valor y la legitimidad de los sentimientos.<\/li>\n<li><strong>Dificultad para regular emociones<\/strong>: La invalidaci\u00f3n puede llevar a la represi\u00f3n de emociones o a explosiones emocionales descontroladas.<\/li>\n<li><strong>Ansiedad y depresi\u00f3n<\/strong>: La falta de validaci\u00f3n emocional puede contribuir al desarrollo de trastornos del estado de \u00e1nimo.<\/li>\n<li><strong>Problemas en las relaciones interpersonales<\/strong>: Si una persona no se siente escuchada o comprendida, puede desarrollar miedo a expresar sus emociones, lo que dificulta la conexi\u00f3n con los dem\u00e1s.<\/li>\n<\/ul>\n<h4>\u00bfPor qu\u00e9 ocurre la invalidaci\u00f3n emocional?<\/h4>\n<p>Existen diversas razones por las cuales una persona puede invalidar las emociones de otra. Algunas de ellas incluyen:<\/p>\n<ol start=\"1\" data-spread=\"false\">\n<li><strong>Falta de educaci\u00f3n emocional<\/strong>: Muchas personas no saben c\u00f3mo responder de manera adecuada a las emociones de los dem\u00e1s.<\/li>\n<li><strong>Mecanismos de defensa<\/strong>: Algunas personas invalidan para evitar lidiar con sus propios sentimientos o con situaciones inc\u00f3modas.<\/li>\n<li><strong>Cultura y normas sociales<\/strong>: En algunas sociedades, expresar emociones se considera una se\u00f1al de debilidad, lo que fomenta respuestas invalidantes.<\/li>\n<li><strong>Experiencias pasadas<\/strong>: Aquellos que han sido invalidados a lo largo de su vida pueden repetir ese patr\u00f3n sin darse cuenta.<\/li>\n<\/ol>\n<h4>C\u00f3mo enfrentar la invalidaci\u00f3n emocional<\/h4>\n<p>Si bien no siempre es posible evitar la invalidaci\u00f3n, hay estrategias que pueden ayudar a manejarla y minimizar su impacto:<\/p>\n<ul data-spread=\"false\">\n<li><strong>Reconocer y validar las propias emociones<\/strong>: Es importante recordar que los sentimientos son v\u00e1lidos, independientemente de c\u00f3mo los perciban los dem\u00e1s.<\/li>\n<li><strong>Expresi\u00f3n asertiva<\/strong>: Comunicar de manera clara y directa lo que se siente, sin esperar necesariamente que los dem\u00e1s lo comprendan por completo.<\/li>\n<li><strong>Rodearse de personas que validen las emociones<\/strong>: Buscar entornos donde haya empat\u00eda y apoyo emocional.<\/li>\n<li><strong>Establecer l\u00edmites<\/strong>: Si una persona invalida constantemente, es recomendable poner l\u00edmites en la relaci\u00f3n para proteger la salud emocional.<\/li>\n<li><strong>Buscar apoyo profesional<\/strong>: Un psic\u00f3logo puede ayudar a desarrollar estrategias para afrontar la invalidaci\u00f3n y mejorar la autoestima.<\/li>\n<\/ul>\n<h4>Conclusi\u00f3n<\/h4>\n<p>La invalidaci\u00f3n emocional puede parecer inofensiva, pero su impacto en la salud mental puede ser significativo. Validar las emociones propias y ajenas es clave para fomentar relaciones sanas y un equilibrio emocional adecuado. Aprender a reconocerla y afrontarla es fundamental para el bienestar psicol\u00f3gico y la construcci\u00f3n de v\u00ednculos basados en el respeto y la empat\u00eda.<\/p>\n<p>En la<strong><b>\u00a0Consulta de Psicolog\u00eda General Sanitaria Ana Garc\u00eda Rey<\/b><\/strong>\u00a0realizamos terapia individualizada y de alto nivel, proporcion\u00e1ndote apoyo de calidad y t\u00e9cnicas eficaces.<\/p>\n<p>Ll\u00e1manos o manda un WhatsApp al tel\u00e9fono: <strong><b>644191359<\/b><\/strong>.<\/p>\n<p>O, si lo prefieres, env\u00eda un email a: <strong><b>anagarciarey.psicologa@gmail.com<\/b><\/strong>.<\/p>\n<p>Estamos entre <strong><b>los mejores psic\u00f3logos de A Coru\u00f1a y online<\/b><\/strong>, con los mejores precios.<\/p>\n","protected":false},"excerpt":{"rendered":"<p>La invalidaci\u00f3n emocional es un fen\u00f3meno psicol\u00f3gico que ocurre cuando los sentimientos o experiencias de una persona son minimizados, ignorados o rechazados. Se trata de una forma de comunicaci\u00f3n que, aunque a veces es involuntaria, puede generar un impacto profundo en la autoestima y el bienestar emocional de quien la experimenta.<\/p>\n","protected":false},"author":1,"featured_media":2127,"comment_status":"closed","ping_status":"closed","sticky":false,"template":"","format":"standard","meta":{"_et_pb_use_builder":"","_et_pb_old_content":"","_et_gb_content_width":"","_joinchat":[],"footnotes":""},"categories":[1777,1778,1775,1776],"tags":[66,1782,1783,566,55,1779,1263,1780,1781,552,159],"class_list":["post-2969","post","type-post","status-publish","format-standard","has-post-thumbnail","hentry","category-comparacion-con-otros","category-culpabilizacion","category-minimizacion-de-los-sentimientos","category-problemas-en-las-relaciones-interpersonales","tag-autoestima","tag-comparacion-con-otros","tag-culpabilizacion","tag-empatia","tag-gestion-emocional","tag-la-invalidacion-emocional","tag-limites","tag-minimizacion-de-los-sentimientos","tag-problemas-en-las-relaciones-interpersonales","tag-terapia-a-coruna-y-online","tag-terapia-de-pareja"],"yoast_head":"<!-- This site is optimized with the Yoast SEO plugin v27.5 - https:\/\/yoast.com\/product\/yoast-seo-wordpress\/ -->\n<title>La invalidaci\u00f3n emocional - Consulta de Psicolog\u00eda Ana Garc\u00eda Rey<\/title>\n<meta name=\"description\" content=\"La invalidaci\u00f3n emocional es un fen\u00f3meno psicol\u00f3gico que ocurre cuando los sentimientos o experiencias de una persona son minimizados, ignorados o rechazados. Se trata de una forma de comunicaci\u00f3n que, aunque a veces es involuntaria, puede generar un impacto profundo en la autoestima y el bienestar emocional de quien la experimenta.\" \/>\n<meta name=\"robots\" content=\"index, follow, max-snippet:-1, max-image-preview:large, max-video-preview:-1\" \/>\n<link rel=\"canonical\" href=\"https:\/\/psicologiaanagarciarey.com\/index.php\/2025\/03\/04\/la-invalidacion-emocional\/\" \/>\n<meta property=\"og:locale\" content=\"es_ES\" \/>\n<meta property=\"og:type\" content=\"article\" \/>\n<meta property=\"og:title\" content=\"La invalidaci\u00f3n emocional - Consulta de Psicolog\u00eda Ana Garc\u00eda Rey\" \/>\n<meta property=\"og:description\" content=\"La invalidaci\u00f3n emocional es un fen\u00f3meno psicol\u00f3gico que ocurre cuando los sentimientos o experiencias de una persona son minimizados, ignorados o rechazados. Se trata de una forma de comunicaci\u00f3n que, aunque a veces es involuntaria, puede generar un impacto profundo en la autoestima y el bienestar emocional de quien la experimenta.\" \/>\n<meta property=\"og:url\" content=\"https:\/\/psicologiaanagarciarey.com\/index.php\/2025\/03\/04\/la-invalidacion-emocional\/\" \/>\n<meta property=\"og:site_name\" content=\"Consulta de Psicolog\u00eda Ana Garc\u00eda Rey\" \/>\n<meta property=\"article:published_time\" content=\"2025-03-04T20:01:15+00:00\" \/>\n<meta property=\"og:image\" content=\"https:\/\/psicologiaanagarciarey.com\/wp-content\/uploads\/2022\/12\/depresion.jpeg\" \/>\n\t<meta property=\"og:image:width\" content=\"760\" \/>\n\t<meta property=\"og:image:height\" content=\"570\" \/>\n\t<meta property=\"og:image:type\" content=\"image\/jpeg\" \/>\n<meta name=\"author\" content=\"Ana Garc\u00eda Rey\" \/>\n<meta name=\"twitter:card\" content=\"summary_large_image\" \/>\n<meta name=\"twitter:label1\" content=\"Escrito por\" \/>\n\t<meta name=\"twitter:data1\" content=\"Ana Garc\u00eda Rey\" \/>\n\t<meta name=\"twitter:label2\" content=\"Tiempo de lectura\" \/>\n\t<meta name=\"twitter:data2\" content=\"3 minutos\" \/>\n<script type=\"application\/ld+json\" class=\"yoast-schema-graph\">{\"@context\":\"https:\\\/\\\/schema.org\",\"@graph\":[{\"@type\":\"Article\",\"@id\":\"https:\\\/\\\/psicologiaanagarciarey.com\\\/index.php\\\/2025\\\/03\\\/04\\\/la-invalidacion-emocional\\\/#article\",\"isPartOf\":{\"@id\":\"https:\\\/\\\/psicologiaanagarciarey.com\\\/index.php\\\/2025\\\/03\\\/04\\\/la-invalidacion-emocional\\\/\"},\"author\":{\"name\":\"Ana Garc\u00eda Rey\",\"@id\":\"https:\\\/\\\/psicologiaanagarciarey.com\\\/#\\\/schema\\\/person\\\/5107e05ee4f10b9f73f392f63a6ecd82\"},\"headline\":\"La invalidaci\u00f3n emocional\",\"datePublished\":\"2025-03-04T20:01:15+00:00\",\"mainEntityOfPage\":{\"@id\":\"https:\\\/\\\/psicologiaanagarciarey.com\\\/index.php\\\/2025\\\/03\\\/04\\\/la-invalidacion-emocional\\\/\"},\"wordCount\":670,\"publisher\":{\"@id\":\"https:\\\/\\\/psicologiaanagarciarey.com\\\/#\\\/schema\\\/person\\\/5107e05ee4f10b9f73f392f63a6ecd82\"},\"image\":{\"@id\":\"https:\\\/\\\/psicologiaanagarciarey.com\\\/index.php\\\/2025\\\/03\\\/04\\\/la-invalidacion-emocional\\\/#primaryimage\"},\"thumbnailUrl\":\"https:\\\/\\\/psicologiaanagarciarey.com\\\/wp-content\\\/uploads\\\/2022\\\/12\\\/depresion.jpeg\",\"keywords\":[\"autoestima\",\"Comparaci\u00f3n con otros\",\"Culpabilizaci\u00f3n\",\"Empat\u00eda\",\"gesti\u00f3n emocional\",\"La invalidaci\u00f3n emocional\",\"L\u00edmites\",\"Minimizaci\u00f3n de los sentimientos\",\"Problemas en las relaciones interpersonales\",\"Terapia A Coru\u00f1a y online\",\"terapia de pareja\"],\"articleSection\":[\"Comparaci\u00f3n con otros\",\"Culpabilizaci\u00f3n\",\"Minimizaci\u00f3n de los sentimientos\",\"Problemas en las relaciones interpersonales\"],\"inLanguage\":\"es\"},{\"@type\":\"WebPage\",\"@id\":\"https:\\\/\\\/psicologiaanagarciarey.com\\\/index.php\\\/2025\\\/03\\\/04\\\/la-invalidacion-emocional\\\/\",\"url\":\"https:\\\/\\\/psicologiaanagarciarey.com\\\/index.php\\\/2025\\\/03\\\/04\\\/la-invalidacion-emocional\\\/\",\"name\":\"La invalidaci\u00f3n emocional - Consulta de Psicolog\u00eda Ana Garc\u00eda Rey\",\"isPartOf\":{\"@id\":\"https:\\\/\\\/psicologiaanagarciarey.com\\\/#website\"},\"primaryImageOfPage\":{\"@id\":\"https:\\\/\\\/psicologiaanagarciarey.com\\\/index.php\\\/2025\\\/03\\\/04\\\/la-invalidacion-emocional\\\/#primaryimage\"},\"image\":{\"@id\":\"https:\\\/\\\/psicologiaanagarciarey.com\\\/index.php\\\/2025\\\/03\\\/04\\\/la-invalidacion-emocional\\\/#primaryimage\"},\"thumbnailUrl\":\"https:\\\/\\\/psicologiaanagarciarey.com\\\/wp-content\\\/uploads\\\/2022\\\/12\\\/depresion.jpeg\",\"datePublished\":\"2025-03-04T20:01:15+00:00\",\"description\":\"La invalidaci\u00f3n emocional es un fen\u00f3meno psicol\u00f3gico que ocurre cuando los sentimientos o experiencias de una persona son minimizados, ignorados o rechazados. Se trata de una forma de comunicaci\u00f3n que, aunque a veces es involuntaria, puede generar un impacto profundo en la autoestima y el bienestar emocional de quien la experimenta.\",\"breadcrumb\":{\"@id\":\"https:\\\/\\\/psicologiaanagarciarey.com\\\/index.php\\\/2025\\\/03\\\/04\\\/la-invalidacion-emocional\\\/#breadcrumb\"},\"inLanguage\":\"es\",\"potentialAction\":[{\"@type\":\"ReadAction\",\"target\":[\"https:\\\/\\\/psicologiaanagarciarey.com\\\/index.php\\\/2025\\\/03\\\/04\\\/la-invalidacion-emocional\\\/\"]}]},{\"@type\":\"ImageObject\",\"inLanguage\":\"es\",\"@id\":\"https:\\\/\\\/psicologiaanagarciarey.com\\\/index.php\\\/2025\\\/03\\\/04\\\/la-invalidacion-emocional\\\/#primaryimage\",\"url\":\"https:\\\/\\\/psicologiaanagarciarey.com\\\/wp-content\\\/uploads\\\/2022\\\/12\\\/depresion.jpeg\",\"contentUrl\":\"https:\\\/\\\/psicologiaanagarciarey.com\\\/wp-content\\\/uploads\\\/2022\\\/12\\\/depresion.jpeg\",\"width\":760,\"height\":570},{\"@type\":\"BreadcrumbList\",\"@id\":\"https:\\\/\\\/psicologiaanagarciarey.com\\\/index.php\\\/2025\\\/03\\\/04\\\/la-invalidacion-emocional\\\/#breadcrumb\",\"itemListElement\":[{\"@type\":\"ListItem\",\"position\":1,\"name\":\"Portada\",\"item\":\"https:\\\/\\\/psicologiaanagarciarey.com\\\/\"},{\"@type\":\"ListItem\",\"position\":2,\"name\":\"La invalidaci\u00f3n emocional\"}]},{\"@type\":\"WebSite\",\"@id\":\"https:\\\/\\\/psicologiaanagarciarey.com\\\/#website\",\"url\":\"https:\\\/\\\/psicologiaanagarciarey.com\\\/\",\"name\":\"Consulta de Psicolog\u00eda General Sanitaria Ana Garc\u00eda Rey\",\"description\":\"Terapia en A Coru\u00f1a\",\"publisher\":{\"@id\":\"https:\\\/\\\/psicologiaanagarciarey.com\\\/#\\\/schema\\\/person\\\/5107e05ee4f10b9f73f392f63a6ecd82\"},\"potentialAction\":[{\"@type\":\"SearchAction\",\"target\":{\"@type\":\"EntryPoint\",\"urlTemplate\":\"https:\\\/\\\/psicologiaanagarciarey.com\\\/?s={search_term_string}\"},\"query-input\":{\"@type\":\"PropertyValueSpecification\",\"valueRequired\":true,\"valueName\":\"search_term_string\"}}],\"inLanguage\":\"es\"},{\"@type\":[\"Person\",\"Organization\"],\"@id\":\"https:\\\/\\\/psicologiaanagarciarey.com\\\/#\\\/schema\\\/person\\\/5107e05ee4f10b9f73f392f63a6ecd82\",\"name\":\"Ana Garc\u00eda Rey\",\"image\":{\"@type\":\"ImageObject\",\"inLanguage\":\"es\",\"@id\":\"https:\\\/\\\/psicologiaanagarciarey.com\\\/wp-content\\\/uploads\\\/2022\\\/11\\\/WhatsApp-Image-2022-11-24-at-12.17.29-PM.jpeg\",\"url\":\"https:\\\/\\\/psicologiaanagarciarey.com\\\/wp-content\\\/uploads\\\/2022\\\/11\\\/WhatsApp-Image-2022-11-24-at-12.17.29-PM.jpeg\",\"contentUrl\":\"https:\\\/\\\/psicologiaanagarciarey.com\\\/wp-content\\\/uploads\\\/2022\\\/11\\\/WhatsApp-Image-2022-11-24-at-12.17.29-PM.jpeg\",\"width\":500,\"height\":500,\"caption\":\"Ana Garc\u00eda Rey\"},\"logo\":{\"@id\":\"https:\\\/\\\/psicologiaanagarciarey.com\\\/wp-content\\\/uploads\\\/2022\\\/11\\\/WhatsApp-Image-2022-11-24-at-12.17.29-PM.jpeg\"},\"sameAs\":[\"https:\\\/\\\/psicologiaanagarciarey.com\"]}]}<\/script>\n<!-- \/ Yoast SEO plugin. -->","yoast_head_json":{"title":"La invalidaci\u00f3n emocional - Consulta de Psicolog\u00eda Ana Garc\u00eda Rey","description":"La invalidaci\u00f3n emocional es un fen\u00f3meno psicol\u00f3gico que ocurre cuando los sentimientos o experiencias de una persona son minimizados, ignorados o rechazados. Se trata de una forma de comunicaci\u00f3n que, aunque a veces es involuntaria, puede generar un impacto profundo en la autoestima y el bienestar emocional de quien la experimenta.","robots":{"index":"index","follow":"follow","max-snippet":"max-snippet:-1","max-image-preview":"max-image-preview:large","max-video-preview":"max-video-preview:-1"},"canonical":"https:\/\/psicologiaanagarciarey.com\/index.php\/2025\/03\/04\/la-invalidacion-emocional\/","og_locale":"es_ES","og_type":"article","og_title":"La invalidaci\u00f3n emocional - Consulta de Psicolog\u00eda Ana Garc\u00eda Rey","og_description":"La invalidaci\u00f3n emocional es un fen\u00f3meno psicol\u00f3gico que ocurre cuando los sentimientos o experiencias de una persona son minimizados, ignorados o rechazados. Se trata de una forma de comunicaci\u00f3n que, aunque a veces es involuntaria, puede generar un impacto profundo en la autoestima y el bienestar emocional de quien la experimenta.","og_url":"https:\/\/psicologiaanagarciarey.com\/index.php\/2025\/03\/04\/la-invalidacion-emocional\/","og_site_name":"Consulta de Psicolog\u00eda Ana Garc\u00eda Rey","article_published_time":"2025-03-04T20:01:15+00:00","og_image":[{"width":760,"height":570,"url":"https:\/\/psicologiaanagarciarey.com\/wp-content\/uploads\/2022\/12\/depresion.jpeg","type":"image\/jpeg"}],"author":"Ana Garc\u00eda Rey","twitter_card":"summary_large_image","twitter_misc":{"Escrito por":"Ana Garc\u00eda Rey","Tiempo de lectura":"3 minutos"},"schema":{"@context":"https:\/\/schema.org","@graph":[{"@type":"Article","@id":"https:\/\/psicologiaanagarciarey.com\/index.php\/2025\/03\/04\/la-invalidacion-emocional\/#article","isPartOf":{"@id":"https:\/\/psicologiaanagarciarey.com\/index.php\/2025\/03\/04\/la-invalidacion-emocional\/"},"author":{"name":"Ana Garc\u00eda Rey","@id":"https:\/\/psicologiaanagarciarey.com\/#\/schema\/person\/5107e05ee4f10b9f73f392f63a6ecd82"},"headline":"La invalidaci\u00f3n emocional","datePublished":"2025-03-04T20:01:15+00:00","mainEntityOfPage":{"@id":"https:\/\/psicologiaanagarciarey.com\/index.php\/2025\/03\/04\/la-invalidacion-emocional\/"},"wordCount":670,"publisher":{"@id":"https:\/\/psicologiaanagarciarey.com\/#\/schema\/person\/5107e05ee4f10b9f73f392f63a6ecd82"},"image":{"@id":"https:\/\/psicologiaanagarciarey.com\/index.php\/2025\/03\/04\/la-invalidacion-emocional\/#primaryimage"},"thumbnailUrl":"https:\/\/psicologiaanagarciarey.com\/wp-content\/uploads\/2022\/12\/depresion.jpeg","keywords":["autoestima","Comparaci\u00f3n con otros","Culpabilizaci\u00f3n","Empat\u00eda","gesti\u00f3n emocional","La invalidaci\u00f3n emocional","L\u00edmites","Minimizaci\u00f3n de los sentimientos","Problemas en las relaciones interpersonales","Terapia A Coru\u00f1a y online","terapia de pareja"],"articleSection":["Comparaci\u00f3n con otros","Culpabilizaci\u00f3n","Minimizaci\u00f3n de los sentimientos","Problemas en las relaciones interpersonales"],"inLanguage":"es"},{"@type":"WebPage","@id":"https:\/\/psicologiaanagarciarey.com\/index.php\/2025\/03\/04\/la-invalidacion-emocional\/","url":"https:\/\/psicologiaanagarciarey.com\/index.php\/2025\/03\/04\/la-invalidacion-emocional\/","name":"La invalidaci\u00f3n emocional - Consulta de Psicolog\u00eda Ana Garc\u00eda Rey","isPartOf":{"@id":"https:\/\/psicologiaanagarciarey.com\/#website"},"primaryImageOfPage":{"@id":"https:\/\/psicologiaanagarciarey.com\/index.php\/2025\/03\/04\/la-invalidacion-emocional\/#primaryimage"},"image":{"@id":"https:\/\/psicologiaanagarciarey.com\/index.php\/2025\/03\/04\/la-invalidacion-emocional\/#primaryimage"},"thumbnailUrl":"https:\/\/psicologiaanagarciarey.com\/wp-content\/uploads\/2022\/12\/depresion.jpeg","datePublished":"2025-03-04T20:01:15+00:00","description":"La invalidaci\u00f3n emocional es un fen\u00f3meno psicol\u00f3gico que ocurre cuando los sentimientos o experiencias de una persona son minimizados, ignorados o rechazados. Se trata de una forma de comunicaci\u00f3n que, aunque a veces es involuntaria, puede generar un impacto profundo en la autoestima y el bienestar emocional de quien la experimenta.","breadcrumb":{"@id":"https:\/\/psicologiaanagarciarey.com\/index.php\/2025\/03\/04\/la-invalidacion-emocional\/#breadcrumb"},"inLanguage":"es","potentialAction":[{"@type":"ReadAction","target":["https:\/\/psicologiaanagarciarey.com\/index.php\/2025\/03\/04\/la-invalidacion-emocional\/"]}]},{"@type":"ImageObject","inLanguage":"es","@id":"https:\/\/psicologiaanagarciarey.com\/index.php\/2025\/03\/04\/la-invalidacion-emocional\/#primaryimage","url":"https:\/\/psicologiaanagarciarey.com\/wp-content\/uploads\/2022\/12\/depresion.jpeg","contentUrl":"https:\/\/psicologiaanagarciarey.com\/wp-content\/uploads\/2022\/12\/depresion.jpeg","width":760,"height":570},{"@type":"BreadcrumbList","@id":"https:\/\/psicologiaanagarciarey.com\/index.php\/2025\/03\/04\/la-invalidacion-emocional\/#breadcrumb","itemListElement":[{"@type":"ListItem","position":1,"name":"Portada","item":"https:\/\/psicologiaanagarciarey.com\/"},{"@type":"ListItem","position":2,"name":"La invalidaci\u00f3n emocional"}]},{"@type":"WebSite","@id":"https:\/\/psicologiaanagarciarey.com\/#website","url":"https:\/\/psicologiaanagarciarey.com\/","name":"Consulta de Psicolog\u00eda General Sanitaria Ana Garc\u00eda Rey","description":"Terapia en A Coru\u00f1a","publisher":{"@id":"https:\/\/psicologiaanagarciarey.com\/#\/schema\/person\/5107e05ee4f10b9f73f392f63a6ecd82"},"potentialAction":[{"@type":"SearchAction","target":{"@type":"EntryPoint","urlTemplate":"https:\/\/psicologiaanagarciarey.com\/?s={search_term_string}"},"query-input":{"@type":"PropertyValueSpecification","valueRequired":true,"valueName":"search_term_string"}}],"inLanguage":"es"},{"@type":["Person","Organization"],"@id":"https:\/\/psicologiaanagarciarey.com\/#\/schema\/person\/5107e05ee4f10b9f73f392f63a6ecd82","name":"Ana Garc\u00eda Rey","image":{"@type":"ImageObject","inLanguage":"es","@id":"https:\/\/psicologiaanagarciarey.com\/wp-content\/uploads\/2022\/11\/WhatsApp-Image-2022-11-24-at-12.17.29-PM.jpeg","url":"https:\/\/psicologiaanagarciarey.com\/wp-content\/uploads\/2022\/11\/WhatsApp-Image-2022-11-24-at-12.17.29-PM.jpeg","contentUrl":"https:\/\/psicologiaanagarciarey.com\/wp-content\/uploads\/2022\/11\/WhatsApp-Image-2022-11-24-at-12.17.29-PM.jpeg","width":500,"height":500,"caption":"Ana Garc\u00eda Rey"},"logo":{"@id":"https:\/\/psicologiaanagarciarey.com\/wp-content\/uploads\/2022\/11\/WhatsApp-Image-2022-11-24-at-12.17.29-PM.jpeg"},"sameAs":["https:\/\/psicologiaanagarciarey.com"]}]}},"_links":{"self":[{"href":"https:\/\/psicologiaanagarciarey.com\/index.php\/wp-json\/wp\/v2\/posts\/2969","targetHints":{"allow":["GET"]}}],"collection":[{"href":"https:\/\/psicologiaanagarciarey.com\/index.php\/wp-json\/wp\/v2\/posts"}],"about":[{"href":"https:\/\/psicologiaanagarciarey.com\/index.php\/wp-json\/wp\/v2\/types\/post"}],"author":[{"embeddable":true,"href":"https:\/\/psicologiaanagarciarey.com\/index.php\/wp-json\/wp\/v2\/users\/1"}],"replies":[{"embeddable":true,"href":"https:\/\/psicologiaanagarciarey.com\/index.php\/wp-json\/wp\/v2\/comments?post=2969"}],"version-history":[{"count":1,"href":"https:\/\/psicologiaanagarciarey.com\/index.php\/wp-json\/wp\/v2\/posts\/2969\/revisions"}],"predecessor-version":[{"id":2970,"href":"https:\/\/psicologiaanagarciarey.com\/index.php\/wp-json\/wp\/v2\/posts\/2969\/revisions\/2970"}],"wp:featuredmedia":[{"embeddable":true,"href":"https:\/\/psicologiaanagarciarey.com\/index.php\/wp-json\/wp\/v2\/media\/2127"}],"wp:attachment":[{"href":"https:\/\/psicologiaanagarciarey.com\/index.php\/wp-json\/wp\/v2\/media?parent=2969"}],"wp:term":[{"taxonomy":"category","embeddable":true,"href":"https:\/\/psicologiaanagarciarey.com\/index.php\/wp-json\/wp\/v2\/categories?post=2969"},{"taxonomy":"post_tag","embeddable":true,"href":"https:\/\/psicologiaanagarciarey.com\/index.php\/wp-json\/wp\/v2\/tags?post=2969"}],"curies":[{"name":"wp","href":"https:\/\/api.w.org\/{rel}","templated":true}]}}