{"id":2791,"date":"2024-10-20T22:05:30","date_gmt":"2024-10-20T22:05:30","guid":{"rendered":"https:\/\/psicologiaanagarciarey.com\/?p=2791"},"modified":"2024-10-20T22:05:30","modified_gmt":"2024-10-20T22:05:30","slug":"que-nos-dice-la-ansiedad","status":"publish","type":"post","link":"https:\/\/psicologiaanagarciarey.com\/index.php\/2024\/10\/20\/que-nos-dice-la-ansiedad\/","title":{"rendered":"\u00bfQu\u00e9 nos dice la ansiedad?"},"content":{"rendered":"<div class=\"flex max-w-full flex-col flex-grow\">\n<div class=\"min-h-8 text-message flex w-full flex-col items-end gap-2 whitespace-normal break-words [.text-message+&amp;]:mt-5\" dir=\"auto\" data-message-author-role=\"assistant\" data-message-id=\"00c04733-ad68-401d-8bc3-7abe86450996\" data-message-model-slug=\"gpt-4o-mini\">\n<div class=\"flex w-full flex-col gap-1 empty:hidden first:pt-[3px]\">\n<div class=\"markdown prose w-full break-words dark:prose-invert light\">\n<p>La ansiedad es una respuesta natural del cuerpo ante situaciones que percibimos como amenazantes o desafiantes. Es una emoci\u00f3n que todos experimentamos en alg\u00fan momento, pero cuando se vuelve cr\u00f3nica o desproporcionada, puede interferir significativamente con nuestra calidad de vida. Para comprender por qu\u00e9 viene la ansiedad, es fundamental explorar sus causas desde una perspectiva psicol\u00f3gica.<\/p>\n<h3>La funci\u00f3n adaptativa de la ansiedad<\/h3>\n<p>Desde una perspectiva evolutiva, la ansiedad tiene una funci\u00f3n adaptativa. Nuestros ancestros, cuando se enfrentaban a peligros inminentes como depredadores o condiciones adversas, necesitaban activar sus mecanismos de supervivencia. <strong>La ansiedad<\/strong>, entonces,<strong> es la respuesta emocional que nos prepara para enfrentar situaciones dif\u00edciles<\/strong>: al incrementar la alerta, aumentar la energ\u00eda y preparar el cuerpo para el \u00abataque o huida\u00bb (respuesta de lucha o huida). En<strong> situaciones de estr\u00e9s<\/strong>, el cerebro libera hormonas como la adrenalina y el cortisol, lo que nos ayuda a estar m\u00e1s preparados para enfrentar el desaf\u00edo.<\/p>\n<p>En el mundo moderno, las amenazas no son siempre tan directas o f\u00edsicas, pero el cerebro sigue respondiendo de manera similar. Lo que ha cambiado es que los \u00abpeligros\u00bb de hoy suelen ser m\u00e1s abstractos: <strong>preocupaciones laborales, problemas financieros, conflictos personales, o <\/strong>simplemente<strong> la carga de las expectativas sociales.<\/strong> En este sentido, la ansiedad puede surgir de la sobrecarga de est\u00edmulos y la falta de herramientas para gestionar el estr\u00e9s de manera adecuada.<\/p>\n<h3>Factores psicol\u00f3gicos que desencadenan la ansiedad<\/h3>\n<ol>\n<li><strong>Estr\u00e9s y sobrecarga emocional<\/strong><br \/>\nEl estr\u00e9s cr\u00f3nico es uno de los principales factores que contribuye a la ansiedad. Las personas que viven en un estado constante de presi\u00f3n o tensi\u00f3n pueden desarrollar una predisposici\u00f3n a la ansiedad. En estos casos, el cerebro se encuentra en un estado continuo de alerta, lo que agota nuestra capacidad para regular las emociones y nos hace m\u00e1s vulnerables a los trastornos de ansiedad.<\/li>\n<li><strong>Percepci\u00f3n de control limitado<\/strong><br \/>\nLa sensaci\u00f3n de no tener control sobre nuestras vidas es un factor clave en el desarrollo de la ansiedad. Cuando las personas sienten que las circunstancias son incontrolables, pueden experimentar una constante preocupaci\u00f3n por lo que podr\u00eda suceder en el futuro. Este sentimiento de impotencia ante lo desconocido genera ansiedad, ya que el cerebro humano tiene una tendencia natural a buscar certidumbre.<\/li>\n<li><strong>Pensamientos negativos y distorsionados<\/strong><br \/>\nLa forma en que interpretamos los eventos tambi\u00e9n desempe\u00f1a un papel fundamental en la aparici\u00f3n de la ansiedad. Las personas con un patr\u00f3n de pensamiento negativo o distorsionado tienden a anticipar lo peor, a sobreestimar los peligros o a interpretar situaciones neutrales como amenazantes. Este tipo de pensamiento catastr\u00f3fico alimenta la ansiedad, pues nuestra mente se enfoca en los posibles riesgos o consecuencias negativas.<\/li>\n<li><strong>Falta de habilidades de afrontamiento<\/strong><br \/>\nEl modo en que manejamos el estr\u00e9s y los desaf\u00edos de la vida influye en la probabilidad de desarrollar ansiedad. Las personas que carecen de estrategias saludables de afrontamiento, como la resoluci\u00f3n de problemas o la regulaci\u00f3n emocional, son m\u00e1s propensas a caer en patrones de pensamiento ansioso. La incapacidad de relajarse o de desconectar de las preocupaciones cotidianas puede agravar la ansiedad.<\/li>\n<\/ol>\n<h3>La influencia de los factores biol\u00f3gicos<\/h3>\n<p>Aunque los factores psicol\u00f3gicos juegan un papel crucial, la ansiedad tambi\u00e9n tiene ra\u00edces biol\u00f3gicas. Se han identificado ciertos neurotransmisores y estructuras cerebrales que est\u00e1n relacionados con el desarrollo de trastornos de ansiedad. Entre ellos destacan:<\/p>\n<ul>\n<li><strong>Serotonina y noradrenalina<\/strong>: Estos neurotransmisores regulan el estado de \u00e1nimo y el nivel de alerta. Un desequilibrio en su funcionamiento puede contribuir a una mayor predisposici\u00f3n a la ansiedad.<\/li>\n<li><strong>Am\u00edgdala<\/strong>: Esta es la parte del cerebro responsable de procesar las emociones, en particular el miedo. En personas con trastornos de ansiedad, la am\u00edgdala puede estar hiperactiva, lo que genera una respuesta exagerada ante situaciones que, en realidad, no suponen un peligro real.<\/li>\n<li><strong>Corteza prefrontal<\/strong>: Esta \u00e1rea del cerebro est\u00e1 implicada en la toma de decisiones y en la regulaci\u00f3n emocional. En personas con ansiedad, suele observarse una actividad reducida en esta regi\u00f3n, lo que dificulta el control sobre los impulsos y las emociones.<\/li>\n<\/ul>\n<h3>Factores sociales y ambientales<\/h3>\n<p>La sociedad moderna tambi\u00e9n influye en el aumento de los trastornos de ansiedad. Vivimos en un <strong>entorno que constantemente nos bombardea con est\u00edmulos, demandas y expectativas<\/strong>. El exceso de informaci\u00f3n, la presi\u00f3n por cumplir con est\u00e1ndares de \u00e9xito, belleza o rendimiento, y la sensaci\u00f3n de estar constantemente conectados a trav\u00e9s de las redes sociales, son factores que amplifican la ansiedad.<\/p>\n<p>En muchos casos, la comparaci\u00f3n social se convierte en un detonante. Las redes sociales, por ejemplo, fomentan la comparaci\u00f3n constante con otros, lo que puede generar sentimientos de inseguridad y ansiedad. El miedo al juicio social, a no cumplir con las expectativas o a no ser suficiente para los dem\u00e1s puede desencadenar episodios de ansiedad.<\/p>\n<p>Adem\u00e1s, las crisis econ\u00f3micas, los cambios en el entorno laboral y la falta de apoyo emocional en momentos dif\u00edciles son factores que agravan los s\u00edntomas ansiosos.<\/p>\n<h3>La ansiedad como s\u00edntoma y no como enemigo<\/h3>\n<p>Es importante entender que la ansiedad, aunque inc\u00f3moda, no es algo inherentemente negativo. Puede ser una se\u00f1al de que algo en nuestra vida necesita ser atendido. La clave est\u00e1 en aprender a reconocer sus se\u00f1ales y abordarla de manera efectiva.<\/p>\n<p>Para gestionar la ansiedad, es esencial desarrollar una mayor conciencia sobre los factores que la desencadenan, as\u00ed como adoptar h\u00e1bitos saludables como la pr\u00e1ctica de la atenci\u00f3n plena (mindfulness), el ejercicio regular, la gesti\u00f3n del tiempo y el apoyo social. Cuando la ansiedad se convierte en un problema cr\u00f3nico, puede ser \u00fatil buscar la orientaci\u00f3n de un profesional de la salud mental, quien puede ayudar a identificar los patrones subyacentes y trabajar en su manejo.<\/p>\n<h3>Conclusi\u00f3n<\/h3>\n<p>La ansiedad surge de una interacci\u00f3n compleja entre factores biol\u00f3gicos, psicol\u00f3gicos y sociales. Si bien es una respuesta adaptativa ante el estr\u00e9s, en el mundo actual puede convertirse en un desaf\u00edo significativo. Comprender sus or\u00edgenes y abordarla de manera proactiva es fundamental para mantener un bienestar emocional equilibrado. Con el enfoque adecuado, la ansiedad puede ser manejada y no convertirse en un obst\u00e1culo para disfrutar de la vida.<\/p>\n<p>En la<strong><b>\u00a0Consulta de Psicolog\u00eda General Sanitaria Ana Garc\u00eda Rey<\/b><\/strong>\u00a0realizamos terapia individualizada y de alto nivel, proporcion\u00e1ndote apoyo de calidad y t\u00e9cnicas eficaces.<\/p>\n<p>Ll\u00e1manos o manda un WhatsApp al tel\u00e9fono: <strong><b>644191359<\/b><\/strong>.<\/p>\n<p>O, si lo prefieres, env\u00eda un email a: <strong><b>anagarciarey.psicologa@gmail.com<\/b><\/strong>.<\/p>\n<p>Estamos entre <strong><b>los m<\/b><\/strong><strong><b>ejores psic\u00f3logos de A Coru\u00f1a y online<\/b><\/strong>, con los mejores precios.<\/p>\n<\/div>\n<\/div>\n<\/div>\n<\/div>\n","protected":false},"excerpt":{"rendered":"<p>La ansiedad es una respuesta natural del cuerpo ante situaciones que percibimos como amenazantes o desafiantes. Es una emoci\u00f3n que todos experimentamos en alg\u00fan momento, pero cuando se vuelve cr\u00f3nica o desproporcionada, puede interferir significativamente con nuestra calidad de vida. Para comprender por qu\u00e9 viene la ansiedad, es fundamental explorar sus causas desde una perspectiva psicol\u00f3gica.<\/p>\n","protected":false},"author":1,"featured_media":1829,"comment_status":"closed","ping_status":"closed","sticky":false,"template":"","format":"standard","meta":{"_et_pb_use_builder":"","_et_pb_old_content":"","_et_gb_content_width":"","_joinchat":[],"footnotes":""},"categories":[1208,1209],"tags":[1210,6,1213,1211,145,1212,552],"class_list":["post-2791","post","type-post","status-publish","format-standard","has-post-thumbnail","hentry","category-altas-expectativas","category-relaciones-conflictivas","tag-que-nos-dice-la-ansiedad","tag-ansiedad","tag-estado-de-animo","tag-expectativas","tag-necesidad-de-control","tag-sociedad","tag-terapia-a-coruna-y-online"],"yoast_head":"<!-- This site is optimized with the Yoast SEO plugin v27.5 - https:\/\/yoast.com\/product\/yoast-seo-wordpress\/ -->\n<title>\u00bfQu\u00e9 nos dice la ansiedad? - Consulta de Psicolog\u00eda Ana Garc\u00eda Rey<\/title>\n<meta name=\"description\" content=\"La ansiedad es una respuesta natural del cuerpo ante situaciones que percibimos como amenazantes o desafiantes. Es una emoci\u00f3n que todos experimentamos en alg\u00fan momento, pero cuando se vuelve cr\u00f3nica o desproporcionada, puede interferir significativamente con nuestra calidad de vida. Para comprender por qu\u00e9 viene la ansiedad, es fundamental explorar sus causas desde una perspectiva psicol\u00f3gica.\" \/>\n<meta name=\"robots\" content=\"index, follow, max-snippet:-1, max-image-preview:large, max-video-preview:-1\" \/>\n<link rel=\"canonical\" href=\"https:\/\/psicologiaanagarciarey.com\/index.php\/2024\/10\/20\/que-nos-dice-la-ansiedad\/\" \/>\n<meta property=\"og:locale\" content=\"es_ES\" \/>\n<meta property=\"og:type\" content=\"article\" \/>\n<meta property=\"og:title\" content=\"\u00bfQu\u00e9 nos dice la ansiedad? - Consulta de Psicolog\u00eda Ana Garc\u00eda Rey\" \/>\n<meta property=\"og:description\" content=\"La ansiedad es una respuesta natural del cuerpo ante situaciones que percibimos como amenazantes o desafiantes. Es una emoci\u00f3n que todos experimentamos en alg\u00fan momento, pero cuando se vuelve cr\u00f3nica o desproporcionada, puede interferir significativamente con nuestra calidad de vida. Para comprender por qu\u00e9 viene la ansiedad, es fundamental explorar sus causas desde una perspectiva psicol\u00f3gica.\" \/>\n<meta property=\"og:url\" content=\"https:\/\/psicologiaanagarciarey.com\/index.php\/2024\/10\/20\/que-nos-dice-la-ansiedad\/\" \/>\n<meta property=\"og:site_name\" content=\"Consulta de Psicolog\u00eda Ana Garc\u00eda Rey\" \/>\n<meta property=\"article:published_time\" content=\"2024-10-20T22:05:30+00:00\" \/>\n<meta property=\"og:image\" content=\"https:\/\/psicologiaanagarciarey.com\/wp-content\/uploads\/2022\/09\/perfect.webp\" \/>\n\t<meta property=\"og:image:width\" content=\"692\" \/>\n\t<meta property=\"og:image:height\" content=\"482\" \/>\n\t<meta property=\"og:image:type\" content=\"image\/webp\" \/>\n<meta name=\"author\" content=\"Ana Garc\u00eda Rey\" \/>\n<meta name=\"twitter:card\" content=\"summary_large_image\" \/>\n<meta name=\"twitter:label1\" content=\"Escrito por\" \/>\n\t<meta name=\"twitter:data1\" content=\"Ana Garc\u00eda Rey\" \/>\n\t<meta name=\"twitter:label2\" content=\"Tiempo de lectura\" \/>\n\t<meta name=\"twitter:data2\" content=\"6 minutos\" \/>\n<script type=\"application\/ld+json\" class=\"yoast-schema-graph\">{\"@context\":\"https:\\\/\\\/schema.org\",\"@graph\":[{\"@type\":\"Article\",\"@id\":\"https:\\\/\\\/psicologiaanagarciarey.com\\\/index.php\\\/2024\\\/10\\\/20\\\/que-nos-dice-la-ansiedad\\\/#article\",\"isPartOf\":{\"@id\":\"https:\\\/\\\/psicologiaanagarciarey.com\\\/index.php\\\/2024\\\/10\\\/20\\\/que-nos-dice-la-ansiedad\\\/\"},\"author\":{\"name\":\"Ana Garc\u00eda Rey\",\"@id\":\"https:\\\/\\\/psicologiaanagarciarey.com\\\/#\\\/schema\\\/person\\\/5107e05ee4f10b9f73f392f63a6ecd82\"},\"headline\":\"\u00bfQu\u00e9 nos dice la ansiedad?\",\"datePublished\":\"2024-10-20T22:05:30+00:00\",\"mainEntityOfPage\":{\"@id\":\"https:\\\/\\\/psicologiaanagarciarey.com\\\/index.php\\\/2024\\\/10\\\/20\\\/que-nos-dice-la-ansiedad\\\/\"},\"wordCount\":1145,\"publisher\":{\"@id\":\"https:\\\/\\\/psicologiaanagarciarey.com\\\/#\\\/schema\\\/person\\\/5107e05ee4f10b9f73f392f63a6ecd82\"},\"image\":{\"@id\":\"https:\\\/\\\/psicologiaanagarciarey.com\\\/index.php\\\/2024\\\/10\\\/20\\\/que-nos-dice-la-ansiedad\\\/#primaryimage\"},\"thumbnailUrl\":\"https:\\\/\\\/psicologiaanagarciarey.com\\\/wp-content\\\/uploads\\\/2022\\\/09\\\/perfect.webp\",\"keywords\":[\"\u00bfQu\u00e9 nos dice la ansiedad?\",\"ansiedad\",\"Estado de \u00e1nimo\",\"Expectativas\",\"necesidad de control\",\"Sociedad\",\"Terapia A Coru\u00f1a y online\"],\"articleSection\":[\"Altas expectativas\",\"Relaciones conflictivas\"],\"inLanguage\":\"es\"},{\"@type\":\"WebPage\",\"@id\":\"https:\\\/\\\/psicologiaanagarciarey.com\\\/index.php\\\/2024\\\/10\\\/20\\\/que-nos-dice-la-ansiedad\\\/\",\"url\":\"https:\\\/\\\/psicologiaanagarciarey.com\\\/index.php\\\/2024\\\/10\\\/20\\\/que-nos-dice-la-ansiedad\\\/\",\"name\":\"\u00bfQu\u00e9 nos dice la ansiedad? - Consulta de Psicolog\u00eda Ana Garc\u00eda Rey\",\"isPartOf\":{\"@id\":\"https:\\\/\\\/psicologiaanagarciarey.com\\\/#website\"},\"primaryImageOfPage\":{\"@id\":\"https:\\\/\\\/psicologiaanagarciarey.com\\\/index.php\\\/2024\\\/10\\\/20\\\/que-nos-dice-la-ansiedad\\\/#primaryimage\"},\"image\":{\"@id\":\"https:\\\/\\\/psicologiaanagarciarey.com\\\/index.php\\\/2024\\\/10\\\/20\\\/que-nos-dice-la-ansiedad\\\/#primaryimage\"},\"thumbnailUrl\":\"https:\\\/\\\/psicologiaanagarciarey.com\\\/wp-content\\\/uploads\\\/2022\\\/09\\\/perfect.webp\",\"datePublished\":\"2024-10-20T22:05:30+00:00\",\"description\":\"La ansiedad es una respuesta natural del cuerpo ante situaciones que percibimos como amenazantes o desafiantes. Es una emoci\u00f3n que todos experimentamos en alg\u00fan momento, pero cuando se vuelve cr\u00f3nica o desproporcionada, puede interferir significativamente con nuestra calidad de vida. Para comprender por qu\u00e9 viene la ansiedad, es fundamental explorar sus causas desde una perspectiva psicol\u00f3gica.\",\"breadcrumb\":{\"@id\":\"https:\\\/\\\/psicologiaanagarciarey.com\\\/index.php\\\/2024\\\/10\\\/20\\\/que-nos-dice-la-ansiedad\\\/#breadcrumb\"},\"inLanguage\":\"es\",\"potentialAction\":[{\"@type\":\"ReadAction\",\"target\":[\"https:\\\/\\\/psicologiaanagarciarey.com\\\/index.php\\\/2024\\\/10\\\/20\\\/que-nos-dice-la-ansiedad\\\/\"]}]},{\"@type\":\"ImageObject\",\"inLanguage\":\"es\",\"@id\":\"https:\\\/\\\/psicologiaanagarciarey.com\\\/index.php\\\/2024\\\/10\\\/20\\\/que-nos-dice-la-ansiedad\\\/#primaryimage\",\"url\":\"https:\\\/\\\/psicologiaanagarciarey.com\\\/wp-content\\\/uploads\\\/2022\\\/09\\\/perfect.webp\",\"contentUrl\":\"https:\\\/\\\/psicologiaanagarciarey.com\\\/wp-content\\\/uploads\\\/2022\\\/09\\\/perfect.webp\",\"width\":692,\"height\":482},{\"@type\":\"BreadcrumbList\",\"@id\":\"https:\\\/\\\/psicologiaanagarciarey.com\\\/index.php\\\/2024\\\/10\\\/20\\\/que-nos-dice-la-ansiedad\\\/#breadcrumb\",\"itemListElement\":[{\"@type\":\"ListItem\",\"position\":1,\"name\":\"Portada\",\"item\":\"https:\\\/\\\/psicologiaanagarciarey.com\\\/\"},{\"@type\":\"ListItem\",\"position\":2,\"name\":\"\u00bfQu\u00e9 nos dice la ansiedad?\"}]},{\"@type\":\"WebSite\",\"@id\":\"https:\\\/\\\/psicologiaanagarciarey.com\\\/#website\",\"url\":\"https:\\\/\\\/psicologiaanagarciarey.com\\\/\",\"name\":\"Consulta de Psicolog\u00eda General Sanitaria Ana Garc\u00eda Rey\",\"description\":\"Terapia en A Coru\u00f1a\",\"publisher\":{\"@id\":\"https:\\\/\\\/psicologiaanagarciarey.com\\\/#\\\/schema\\\/person\\\/5107e05ee4f10b9f73f392f63a6ecd82\"},\"potentialAction\":[{\"@type\":\"SearchAction\",\"target\":{\"@type\":\"EntryPoint\",\"urlTemplate\":\"https:\\\/\\\/psicologiaanagarciarey.com\\\/?s={search_term_string}\"},\"query-input\":{\"@type\":\"PropertyValueSpecification\",\"valueRequired\":true,\"valueName\":\"search_term_string\"}}],\"inLanguage\":\"es\"},{\"@type\":[\"Person\",\"Organization\"],\"@id\":\"https:\\\/\\\/psicologiaanagarciarey.com\\\/#\\\/schema\\\/person\\\/5107e05ee4f10b9f73f392f63a6ecd82\",\"name\":\"Ana Garc\u00eda Rey\",\"image\":{\"@type\":\"ImageObject\",\"inLanguage\":\"es\",\"@id\":\"https:\\\/\\\/psicologiaanagarciarey.com\\\/wp-content\\\/uploads\\\/2022\\\/11\\\/WhatsApp-Image-2022-11-24-at-12.17.29-PM.jpeg\",\"url\":\"https:\\\/\\\/psicologiaanagarciarey.com\\\/wp-content\\\/uploads\\\/2022\\\/11\\\/WhatsApp-Image-2022-11-24-at-12.17.29-PM.jpeg\",\"contentUrl\":\"https:\\\/\\\/psicologiaanagarciarey.com\\\/wp-content\\\/uploads\\\/2022\\\/11\\\/WhatsApp-Image-2022-11-24-at-12.17.29-PM.jpeg\",\"width\":500,\"height\":500,\"caption\":\"Ana Garc\u00eda Rey\"},\"logo\":{\"@id\":\"https:\\\/\\\/psicologiaanagarciarey.com\\\/wp-content\\\/uploads\\\/2022\\\/11\\\/WhatsApp-Image-2022-11-24-at-12.17.29-PM.jpeg\"},\"sameAs\":[\"https:\\\/\\\/psicologiaanagarciarey.com\"]}]}<\/script>\n<!-- \/ Yoast SEO plugin. -->","yoast_head_json":{"title":"\u00bfQu\u00e9 nos dice la ansiedad? - Consulta de Psicolog\u00eda Ana Garc\u00eda Rey","description":"La ansiedad es una respuesta natural del cuerpo ante situaciones que percibimos como amenazantes o desafiantes. Es una emoci\u00f3n que todos experimentamos en alg\u00fan momento, pero cuando se vuelve cr\u00f3nica o desproporcionada, puede interferir significativamente con nuestra calidad de vida. Para comprender por qu\u00e9 viene la ansiedad, es fundamental explorar sus causas desde una perspectiva psicol\u00f3gica.","robots":{"index":"index","follow":"follow","max-snippet":"max-snippet:-1","max-image-preview":"max-image-preview:large","max-video-preview":"max-video-preview:-1"},"canonical":"https:\/\/psicologiaanagarciarey.com\/index.php\/2024\/10\/20\/que-nos-dice-la-ansiedad\/","og_locale":"es_ES","og_type":"article","og_title":"\u00bfQu\u00e9 nos dice la ansiedad? - Consulta de Psicolog\u00eda Ana Garc\u00eda Rey","og_description":"La ansiedad es una respuesta natural del cuerpo ante situaciones que percibimos como amenazantes o desafiantes. Es una emoci\u00f3n que todos experimentamos en alg\u00fan momento, pero cuando se vuelve cr\u00f3nica o desproporcionada, puede interferir significativamente con nuestra calidad de vida. Para comprender por qu\u00e9 viene la ansiedad, es fundamental explorar sus causas desde una perspectiva psicol\u00f3gica.","og_url":"https:\/\/psicologiaanagarciarey.com\/index.php\/2024\/10\/20\/que-nos-dice-la-ansiedad\/","og_site_name":"Consulta de Psicolog\u00eda Ana Garc\u00eda Rey","article_published_time":"2024-10-20T22:05:30+00:00","og_image":[{"width":692,"height":482,"url":"https:\/\/psicologiaanagarciarey.com\/wp-content\/uploads\/2022\/09\/perfect.webp","type":"image\/webp"}],"author":"Ana Garc\u00eda Rey","twitter_card":"summary_large_image","twitter_misc":{"Escrito por":"Ana Garc\u00eda Rey","Tiempo de lectura":"6 minutos"},"schema":{"@context":"https:\/\/schema.org","@graph":[{"@type":"Article","@id":"https:\/\/psicologiaanagarciarey.com\/index.php\/2024\/10\/20\/que-nos-dice-la-ansiedad\/#article","isPartOf":{"@id":"https:\/\/psicologiaanagarciarey.com\/index.php\/2024\/10\/20\/que-nos-dice-la-ansiedad\/"},"author":{"name":"Ana Garc\u00eda Rey","@id":"https:\/\/psicologiaanagarciarey.com\/#\/schema\/person\/5107e05ee4f10b9f73f392f63a6ecd82"},"headline":"\u00bfQu\u00e9 nos dice la ansiedad?","datePublished":"2024-10-20T22:05:30+00:00","mainEntityOfPage":{"@id":"https:\/\/psicologiaanagarciarey.com\/index.php\/2024\/10\/20\/que-nos-dice-la-ansiedad\/"},"wordCount":1145,"publisher":{"@id":"https:\/\/psicologiaanagarciarey.com\/#\/schema\/person\/5107e05ee4f10b9f73f392f63a6ecd82"},"image":{"@id":"https:\/\/psicologiaanagarciarey.com\/index.php\/2024\/10\/20\/que-nos-dice-la-ansiedad\/#primaryimage"},"thumbnailUrl":"https:\/\/psicologiaanagarciarey.com\/wp-content\/uploads\/2022\/09\/perfect.webp","keywords":["\u00bfQu\u00e9 nos dice la ansiedad?","ansiedad","Estado de \u00e1nimo","Expectativas","necesidad de control","Sociedad","Terapia A Coru\u00f1a y online"],"articleSection":["Altas expectativas","Relaciones conflictivas"],"inLanguage":"es"},{"@type":"WebPage","@id":"https:\/\/psicologiaanagarciarey.com\/index.php\/2024\/10\/20\/que-nos-dice-la-ansiedad\/","url":"https:\/\/psicologiaanagarciarey.com\/index.php\/2024\/10\/20\/que-nos-dice-la-ansiedad\/","name":"\u00bfQu\u00e9 nos dice la ansiedad? - Consulta de Psicolog\u00eda Ana Garc\u00eda Rey","isPartOf":{"@id":"https:\/\/psicologiaanagarciarey.com\/#website"},"primaryImageOfPage":{"@id":"https:\/\/psicologiaanagarciarey.com\/index.php\/2024\/10\/20\/que-nos-dice-la-ansiedad\/#primaryimage"},"image":{"@id":"https:\/\/psicologiaanagarciarey.com\/index.php\/2024\/10\/20\/que-nos-dice-la-ansiedad\/#primaryimage"},"thumbnailUrl":"https:\/\/psicologiaanagarciarey.com\/wp-content\/uploads\/2022\/09\/perfect.webp","datePublished":"2024-10-20T22:05:30+00:00","description":"La ansiedad es una respuesta natural del cuerpo ante situaciones que percibimos como amenazantes o desafiantes. Es una emoci\u00f3n que todos experimentamos en alg\u00fan momento, pero cuando se vuelve cr\u00f3nica o desproporcionada, puede interferir significativamente con nuestra calidad de vida. Para comprender por qu\u00e9 viene la ansiedad, es fundamental explorar sus causas desde una perspectiva psicol\u00f3gica.","breadcrumb":{"@id":"https:\/\/psicologiaanagarciarey.com\/index.php\/2024\/10\/20\/que-nos-dice-la-ansiedad\/#breadcrumb"},"inLanguage":"es","potentialAction":[{"@type":"ReadAction","target":["https:\/\/psicologiaanagarciarey.com\/index.php\/2024\/10\/20\/que-nos-dice-la-ansiedad\/"]}]},{"@type":"ImageObject","inLanguage":"es","@id":"https:\/\/psicologiaanagarciarey.com\/index.php\/2024\/10\/20\/que-nos-dice-la-ansiedad\/#primaryimage","url":"https:\/\/psicologiaanagarciarey.com\/wp-content\/uploads\/2022\/09\/perfect.webp","contentUrl":"https:\/\/psicologiaanagarciarey.com\/wp-content\/uploads\/2022\/09\/perfect.webp","width":692,"height":482},{"@type":"BreadcrumbList","@id":"https:\/\/psicologiaanagarciarey.com\/index.php\/2024\/10\/20\/que-nos-dice-la-ansiedad\/#breadcrumb","itemListElement":[{"@type":"ListItem","position":1,"name":"Portada","item":"https:\/\/psicologiaanagarciarey.com\/"},{"@type":"ListItem","position":2,"name":"\u00bfQu\u00e9 nos dice la ansiedad?"}]},{"@type":"WebSite","@id":"https:\/\/psicologiaanagarciarey.com\/#website","url":"https:\/\/psicologiaanagarciarey.com\/","name":"Consulta de Psicolog\u00eda General Sanitaria Ana Garc\u00eda Rey","description":"Terapia en A Coru\u00f1a","publisher":{"@id":"https:\/\/psicologiaanagarciarey.com\/#\/schema\/person\/5107e05ee4f10b9f73f392f63a6ecd82"},"potentialAction":[{"@type":"SearchAction","target":{"@type":"EntryPoint","urlTemplate":"https:\/\/psicologiaanagarciarey.com\/?s={search_term_string}"},"query-input":{"@type":"PropertyValueSpecification","valueRequired":true,"valueName":"search_term_string"}}],"inLanguage":"es"},{"@type":["Person","Organization"],"@id":"https:\/\/psicologiaanagarciarey.com\/#\/schema\/person\/5107e05ee4f10b9f73f392f63a6ecd82","name":"Ana Garc\u00eda Rey","image":{"@type":"ImageObject","inLanguage":"es","@id":"https:\/\/psicologiaanagarciarey.com\/wp-content\/uploads\/2022\/11\/WhatsApp-Image-2022-11-24-at-12.17.29-PM.jpeg","url":"https:\/\/psicologiaanagarciarey.com\/wp-content\/uploads\/2022\/11\/WhatsApp-Image-2022-11-24-at-12.17.29-PM.jpeg","contentUrl":"https:\/\/psicologiaanagarciarey.com\/wp-content\/uploads\/2022\/11\/WhatsApp-Image-2022-11-24-at-12.17.29-PM.jpeg","width":500,"height":500,"caption":"Ana Garc\u00eda Rey"},"logo":{"@id":"https:\/\/psicologiaanagarciarey.com\/wp-content\/uploads\/2022\/11\/WhatsApp-Image-2022-11-24-at-12.17.29-PM.jpeg"},"sameAs":["https:\/\/psicologiaanagarciarey.com"]}]}},"_links":{"self":[{"href":"https:\/\/psicologiaanagarciarey.com\/index.php\/wp-json\/wp\/v2\/posts\/2791","targetHints":{"allow":["GET"]}}],"collection":[{"href":"https:\/\/psicologiaanagarciarey.com\/index.php\/wp-json\/wp\/v2\/posts"}],"about":[{"href":"https:\/\/psicologiaanagarciarey.com\/index.php\/wp-json\/wp\/v2\/types\/post"}],"author":[{"embeddable":true,"href":"https:\/\/psicologiaanagarciarey.com\/index.php\/wp-json\/wp\/v2\/users\/1"}],"replies":[{"embeddable":true,"href":"https:\/\/psicologiaanagarciarey.com\/index.php\/wp-json\/wp\/v2\/comments?post=2791"}],"version-history":[{"count":1,"href":"https:\/\/psicologiaanagarciarey.com\/index.php\/wp-json\/wp\/v2\/posts\/2791\/revisions"}],"predecessor-version":[{"id":2792,"href":"https:\/\/psicologiaanagarciarey.com\/index.php\/wp-json\/wp\/v2\/posts\/2791\/revisions\/2792"}],"wp:featuredmedia":[{"embeddable":true,"href":"https:\/\/psicologiaanagarciarey.com\/index.php\/wp-json\/wp\/v2\/media\/1829"}],"wp:attachment":[{"href":"https:\/\/psicologiaanagarciarey.com\/index.php\/wp-json\/wp\/v2\/media?parent=2791"}],"wp:term":[{"taxonomy":"category","embeddable":true,"href":"https:\/\/psicologiaanagarciarey.com\/index.php\/wp-json\/wp\/v2\/categories?post=2791"},{"taxonomy":"post_tag","embeddable":true,"href":"https:\/\/psicologiaanagarciarey.com\/index.php\/wp-json\/wp\/v2\/tags?post=2791"}],"curies":[{"name":"wp","href":"https:\/\/api.w.org\/{rel}","templated":true}]}}