{"id":2383,"date":"2023-08-28T14:59:43","date_gmt":"2023-08-28T14:59:43","guid":{"rendered":"https:\/\/psicologiaanagarciarey.com\/?p=2383"},"modified":"2023-08-28T14:59:43","modified_gmt":"2023-08-28T14:59:43","slug":"sindrome-postvacacional","status":"publish","type":"post","link":"https:\/\/psicologiaanagarciarey.com\/index.php\/2023\/08\/28\/sindrome-postvacacional\/","title":{"rendered":"\u00bfS\u00edndrome postvacacional?"},"content":{"rendered":"<p>El final de las vacaciones y el regreso a la rutina laboral pueden desencadenar lo que popularmente se conoce como el \u00abs\u00edndrome postvacacional\u00bb. Esta sensaci\u00f3n de <strong><b>des\u00e1nimo, irritabilidad y falta de motivaci\u00f3n<\/b><\/strong>\u00a0puede afectar a personas de todas las edades. Sin embargo, con algunas estrategias efectivas, es posible superar este s\u00edndrome y enfrentar la <strong><b>vuelta a la rutina<\/b><\/strong>\u00a0con una actitud positiva y renovada.<\/p>\n<p>A continuaci\u00f3n, exploraremos c\u00f3mo abordar el s\u00edndrome postvacacional de manera constructiva:<\/p>\n<ol>\n<li><strong><b> Ajusta tu <\/b><\/strong><strong><b>m<\/b><\/strong><strong><b>entalidad<\/b><\/strong><strong><b>: <\/b><\/strong>La mentalidad con la que te enfrentas al regreso al trabajo puede marcar la diferencia. En lugar de verlo como una carga, intenta cambiar tu perspectiva y enf\u00f3cate en los aspectos positivos de tu trabajo. Piensa en los desaf\u00edos emocionantes que puedes enfrentar y en las metas que deseas alcanzar. Mantener una actitud positiva puede ayudar a reducir los sentimientos de des\u00e1nimo.<\/li>\n<li><strong><b> Planificaci\u00f3n <\/b><\/strong><strong><b>a<\/b><\/strong><strong><b>nticipada<\/b><\/strong><strong><b>: <\/b><\/strong>Antes de regresar al trabajo, dedica tiempo a planificar tu vuelta. Haz una lista de las tareas pendientes, establece objetivos claros y organiza tu espacio de trabajo. Tener un plan bien estructurado puede ayudarte a sentirte m\u00e1s preparado y controlar la sensaci\u00f3n de abrumaci\u00f3n.<\/li>\n<li><strong><b> Establece una <\/b><\/strong><strong><b>r<\/b><\/strong><strong><b>utina <\/b><\/strong><strong><b>g<\/b><\/strong><strong><b>radual<\/b><\/strong><strong><b>: <\/b><\/strong>En lugar de sumergirte abruptamente en tu rutina de trabajo, considera establecer una transici\u00f3n gradual. Una semana antes de regresar al trabajo, comienza a ajustar tu horario de sue\u00f1o y h\u00e1bitos diarios para que sean m\u00e1s similares a los que tendr\u00e1s durante la jornada laboral. Esto facilitar\u00e1 la adaptaci\u00f3n a tu horario laboral y reducir\u00e1 el impacto del cambio.<\/li>\n<li><strong><b> Encuentra <\/b><\/strong><strong><b>m<\/b><\/strong><strong><b>omentos de <\/b><\/strong><strong><b>p<\/b><\/strong><strong><b>lacer<\/b><\/strong><strong><b>: <\/b><\/strong>Identifica peque\u00f1os momentos de placer durante tu d\u00eda laboral. Puede ser disfrutar de una taza de tu bebida favorita, dar un paseo corto durante el descanso o escuchar m\u00fasica agradable. Estos momentos pueden ayudarte a romper la monoton\u00eda y generar un sentido de bienestar en tu d\u00eda a d\u00eda.<\/li>\n<li><strong><b> Mant\u00e9n tu <\/b><\/strong><strong><b>v<\/b><\/strong><strong><b>ida <\/b><\/strong><strong><b>s<\/b><\/strong><strong><b>ocial<\/b><\/strong><strong><b>: <\/b><\/strong>El regreso al trabajo no significa que debas abandonar por completo tu vida social. Mant\u00e9n el contacto con amigos y seres queridos, planificando actividades para despu\u00e9s del trabajo o los fines de semana. Mantener una red de apoyo fuera del entorno laboral puede ser reconfortante y contribuir a tu bienestar emocional.<\/li>\n<li><strong><b> Practica el <\/b><\/strong><strong><b>a<\/b><\/strong><strong><b>utocuidado<\/b><\/strong><strong><b>: <\/b><\/strong>El autocuidado es esencial para superar el s\u00edndrome postvacacional. Dedica tiempo a actividades que te relajen y te hagan sentir bien, como practicar ejercicio, meditar, leer o tomar ba\u00f1os relajantes. Estas pr\u00e1cticas pueden ayudarte a reducir el estr\u00e9s y aumentar tu nivel de energ\u00eda.<\/li>\n<li><strong><b> Establece <\/b><\/strong><strong><b>m<\/b><\/strong><strong><b>etas <\/b><\/strong><strong><b>m<\/b><\/strong><strong><b>otivadoras<\/b><\/strong><strong><b>: <\/b><\/strong>Dale un impulso a tu motivaci\u00f3n estableciendo metas personales y profesionales. Tener objetivos claros te dar\u00e1 un prop\u00f3sito en tu d\u00eda a d\u00eda y te ayudar\u00e1 a mantener el enfoque en lo que deseas lograr.<\/li>\n<\/ol>\n<p><strong><b>El s\u00edndrome postvacacional es una reacci\u00f3n natural<\/b><\/strong>\u00a0al regreso a la rutina despu\u00e9s de un per\u00edodo de descanso. Sin embargo, con las estrategias adecuadas, es posible superarlo y adaptarse de manera exitosa a la vida laboral. Ajustar tu mentalidad, planificar con anticipaci\u00f3n, mantener h\u00e1bitos de autocuidado y encontrar momentos de placer son pasos importantes para enfrentar este desaf\u00edo. Recuerda que es una transici\u00f3n temporal y que con el tiempo, te adaptar\u00e1s y recuperar\u00e1s tu ritmo y energ\u00eda habituales.<\/p>\n<p>En <strong><b>Psic\u00f3logos Coru\u00f1a Ana Garc\u00eda Rey<\/b><\/strong>\u00a0te\u00a0ayudaremos a lidiar con el s\u00edndrome postvacacional, proporcion\u00e1ndote apoyo de calidad y t\u00e9cnicas eficaces para lograrlo.<\/p>\n<p>Ll\u00e1manos o manda un WhatsApp al tel\u00e9fono: <strong><b>644191359<\/b><\/strong>.<\/p>\n<p>O, si lo prefieres, env\u00eda un email a: <strong><b>anagarciarey.psicologa@gmail.com<\/b><\/strong>.<\/p>\n<p>Estamos entre los mejores psic\u00f3logos de Coru\u00f1a con los mejores precios.<\/p>\n","protected":false},"excerpt":{"rendered":"<p>El final de las vacaciones y el regreso a la rutina laboral pueden desencadenar lo que popularmente se conoce como el \u00abs\u00edndrome postvacacional\u00bb. Esta sensaci\u00f3n de des\u00e1nimo, irritabilidad y falta de motivaci\u00f3n\u00a0puede afectar a personas de todas las edades. Sin embargo, con algunas estrategias efectivas, es posible superar este s\u00edndrome y enfrentar la vuelta a la rutina\u00a0con una actitud positiva y renovada.<\/p>\n","protected":false},"author":1,"featured_media":2224,"comment_status":"open","ping_status":"open","sticky":false,"template":"","format":"standard","meta":{"_et_pb_use_builder":"","_et_pb_old_content":"","_et_gb_content_width":"","_joinchat":[],"footnotes":""},"categories":[395,394,396],"tags":[397],"class_list":["post-2383","post","type-post","status-publish","format-standard","has-post-thumbnail","hentry","category-septiembre","category-sindrome-postvacacional","category-vuelta-a-la-rutina","tag-sindrome-postvacacional"],"yoast_head":"<!-- This site is optimized with the Yoast SEO plugin v27.5 - https:\/\/yoast.com\/product\/yoast-seo-wordpress\/ -->\n<title>\u00bfS\u00edndrome postvacacional? - Consulta de Psicolog\u00eda Ana Garc\u00eda Rey<\/title>\n<meta name=\"description\" content=\"El final de las vacaciones y el regreso a la rutina laboral pueden desencadenar lo que popularmente se conoce como el &quot;s\u00edndrome postvacacional&quot;. Esta sensaci\u00f3n de des\u00e1nimo, irritabilidad y falta de motivaci\u00f3n\u00a0puede afectar a personas de todas las edades. Sin embargo, con algunas estrategias efectivas, es posible superar este s\u00edndrome y enfrentar la vuelta a la rutina\u00a0con una actitud positiva y renovada.\" \/>\n<meta name=\"robots\" content=\"index, follow, max-snippet:-1, max-image-preview:large, max-video-preview:-1\" \/>\n<link rel=\"canonical\" href=\"https:\/\/psicologiaanagarciarey.com\/index.php\/2023\/08\/28\/sindrome-postvacacional\/\" \/>\n<meta property=\"og:locale\" content=\"es_ES\" \/>\n<meta property=\"og:type\" content=\"article\" \/>\n<meta property=\"og:title\" content=\"\u00bfS\u00edndrome postvacacional? - Consulta de Psicolog\u00eda Ana Garc\u00eda Rey\" \/>\n<meta property=\"og:description\" content=\"El final de las vacaciones y el regreso a la rutina laboral pueden desencadenar lo que popularmente se conoce como el &quot;s\u00edndrome postvacacional&quot;. Esta sensaci\u00f3n de des\u00e1nimo, irritabilidad y falta de motivaci\u00f3n\u00a0puede afectar a personas de todas las edades. Sin embargo, con algunas estrategias efectivas, es posible superar este s\u00edndrome y enfrentar la vuelta a la rutina\u00a0con una actitud positiva y renovada.\" \/>\n<meta property=\"og:url\" content=\"https:\/\/psicologiaanagarciarey.com\/index.php\/2023\/08\/28\/sindrome-postvacacional\/\" \/>\n<meta property=\"og:site_name\" content=\"Consulta de Psicolog\u00eda Ana Garc\u00eda Rey\" \/>\n<meta property=\"article:published_time\" content=\"2023-08-28T14:59:43+00:00\" \/>\n<meta property=\"og:image\" content=\"https:\/\/psicologiaanagarciarey.com\/wp-content\/uploads\/2023\/02\/desaludpsicologos-impulsos3.jpg\" \/>\n\t<meta property=\"og:image:width\" content=\"1000\" \/>\n\t<meta property=\"og:image:height\" content=\"365\" \/>\n\t<meta property=\"og:image:type\" content=\"image\/jpeg\" \/>\n<meta name=\"author\" content=\"Ana Garc\u00eda Rey\" \/>\n<meta name=\"twitter:card\" content=\"summary_large_image\" \/>\n<meta name=\"twitter:label1\" content=\"Escrito por\" \/>\n\t<meta name=\"twitter:data1\" content=\"Ana Garc\u00eda Rey\" \/>\n\t<meta name=\"twitter:label2\" content=\"Tiempo de lectura\" \/>\n\t<meta name=\"twitter:data2\" content=\"3 minutos\" \/>\n<script type=\"application\/ld+json\" class=\"yoast-schema-graph\">{\"@context\":\"https:\\\/\\\/schema.org\",\"@graph\":[{\"@type\":\"Article\",\"@id\":\"https:\\\/\\\/psicologiaanagarciarey.com\\\/index.php\\\/2023\\\/08\\\/28\\\/sindrome-postvacacional\\\/#article\",\"isPartOf\":{\"@id\":\"https:\\\/\\\/psicologiaanagarciarey.com\\\/index.php\\\/2023\\\/08\\\/28\\\/sindrome-postvacacional\\\/\"},\"author\":{\"name\":\"Ana Garc\u00eda Rey\",\"@id\":\"https:\\\/\\\/psicologiaanagarciarey.com\\\/#\\\/schema\\\/person\\\/5107e05ee4f10b9f73f392f63a6ecd82\"},\"headline\":\"\u00bfS\u00edndrome postvacacional?\",\"datePublished\":\"2023-08-28T14:59:43+00:00\",\"mainEntityOfPage\":{\"@id\":\"https:\\\/\\\/psicologiaanagarciarey.com\\\/index.php\\\/2023\\\/08\\\/28\\\/sindrome-postvacacional\\\/\"},\"wordCount\":648,\"commentCount\":0,\"publisher\":{\"@id\":\"https:\\\/\\\/psicologiaanagarciarey.com\\\/#\\\/schema\\\/person\\\/5107e05ee4f10b9f73f392f63a6ecd82\"},\"image\":{\"@id\":\"https:\\\/\\\/psicologiaanagarciarey.com\\\/index.php\\\/2023\\\/08\\\/28\\\/sindrome-postvacacional\\\/#primaryimage\"},\"thumbnailUrl\":\"https:\\\/\\\/psicologiaanagarciarey.com\\\/wp-content\\\/uploads\\\/2023\\\/02\\\/desaludpsicologos-impulsos3.jpg\",\"keywords\":[\"\\\"s\u00edndrome postvacacional\\\"\"],\"articleSection\":[\"Septiembre\",\"S\u00edndrome postvacacional\",\"Vuelta a la rutina\"],\"inLanguage\":\"es\"},{\"@type\":\"WebPage\",\"@id\":\"https:\\\/\\\/psicologiaanagarciarey.com\\\/index.php\\\/2023\\\/08\\\/28\\\/sindrome-postvacacional\\\/\",\"url\":\"https:\\\/\\\/psicologiaanagarciarey.com\\\/index.php\\\/2023\\\/08\\\/28\\\/sindrome-postvacacional\\\/\",\"name\":\"\u00bfS\u00edndrome postvacacional? - Consulta de Psicolog\u00eda Ana Garc\u00eda Rey\",\"isPartOf\":{\"@id\":\"https:\\\/\\\/psicologiaanagarciarey.com\\\/#website\"},\"primaryImageOfPage\":{\"@id\":\"https:\\\/\\\/psicologiaanagarciarey.com\\\/index.php\\\/2023\\\/08\\\/28\\\/sindrome-postvacacional\\\/#primaryimage\"},\"image\":{\"@id\":\"https:\\\/\\\/psicologiaanagarciarey.com\\\/index.php\\\/2023\\\/08\\\/28\\\/sindrome-postvacacional\\\/#primaryimage\"},\"thumbnailUrl\":\"https:\\\/\\\/psicologiaanagarciarey.com\\\/wp-content\\\/uploads\\\/2023\\\/02\\\/desaludpsicologos-impulsos3.jpg\",\"datePublished\":\"2023-08-28T14:59:43+00:00\",\"description\":\"El final de las vacaciones y el regreso a la rutina laboral pueden desencadenar lo que popularmente se conoce como el \\\"s\u00edndrome postvacacional\\\". Esta sensaci\u00f3n de des\u00e1nimo, irritabilidad y falta de motivaci\u00f3n\u00a0puede afectar a personas de todas las edades. Sin embargo, con algunas estrategias efectivas, es posible superar este s\u00edndrome y enfrentar la vuelta a la rutina\u00a0con una actitud positiva y renovada.\",\"breadcrumb\":{\"@id\":\"https:\\\/\\\/psicologiaanagarciarey.com\\\/index.php\\\/2023\\\/08\\\/28\\\/sindrome-postvacacional\\\/#breadcrumb\"},\"inLanguage\":\"es\",\"potentialAction\":[{\"@type\":\"ReadAction\",\"target\":[\"https:\\\/\\\/psicologiaanagarciarey.com\\\/index.php\\\/2023\\\/08\\\/28\\\/sindrome-postvacacional\\\/\"]}]},{\"@type\":\"ImageObject\",\"inLanguage\":\"es\",\"@id\":\"https:\\\/\\\/psicologiaanagarciarey.com\\\/index.php\\\/2023\\\/08\\\/28\\\/sindrome-postvacacional\\\/#primaryimage\",\"url\":\"https:\\\/\\\/psicologiaanagarciarey.com\\\/wp-content\\\/uploads\\\/2023\\\/02\\\/desaludpsicologos-impulsos3.jpg\",\"contentUrl\":\"https:\\\/\\\/psicologiaanagarciarey.com\\\/wp-content\\\/uploads\\\/2023\\\/02\\\/desaludpsicologos-impulsos3.jpg\",\"width\":1000,\"height\":365},{\"@type\":\"BreadcrumbList\",\"@id\":\"https:\\\/\\\/psicologiaanagarciarey.com\\\/index.php\\\/2023\\\/08\\\/28\\\/sindrome-postvacacional\\\/#breadcrumb\",\"itemListElement\":[{\"@type\":\"ListItem\",\"position\":1,\"name\":\"Portada\",\"item\":\"https:\\\/\\\/psicologiaanagarciarey.com\\\/\"},{\"@type\":\"ListItem\",\"position\":2,\"name\":\"\u00bfS\u00edndrome postvacacional?\"}]},{\"@type\":\"WebSite\",\"@id\":\"https:\\\/\\\/psicologiaanagarciarey.com\\\/#website\",\"url\":\"https:\\\/\\\/psicologiaanagarciarey.com\\\/\",\"name\":\"Consulta de Psicolog\u00eda General Sanitaria Ana Garc\u00eda Rey\",\"description\":\"Terapia en A Coru\u00f1a\",\"publisher\":{\"@id\":\"https:\\\/\\\/psicologiaanagarciarey.com\\\/#\\\/schema\\\/person\\\/5107e05ee4f10b9f73f392f63a6ecd82\"},\"potentialAction\":[{\"@type\":\"SearchAction\",\"target\":{\"@type\":\"EntryPoint\",\"urlTemplate\":\"https:\\\/\\\/psicologiaanagarciarey.com\\\/?s={search_term_string}\"},\"query-input\":{\"@type\":\"PropertyValueSpecification\",\"valueRequired\":true,\"valueName\":\"search_term_string\"}}],\"inLanguage\":\"es\"},{\"@type\":[\"Person\",\"Organization\"],\"@id\":\"https:\\\/\\\/psicologiaanagarciarey.com\\\/#\\\/schema\\\/person\\\/5107e05ee4f10b9f73f392f63a6ecd82\",\"name\":\"Ana Garc\u00eda Rey\",\"image\":{\"@type\":\"ImageObject\",\"inLanguage\":\"es\",\"@id\":\"https:\\\/\\\/psicologiaanagarciarey.com\\\/wp-content\\\/uploads\\\/2022\\\/11\\\/WhatsApp-Image-2022-11-24-at-12.17.29-PM.jpeg\",\"url\":\"https:\\\/\\\/psicologiaanagarciarey.com\\\/wp-content\\\/uploads\\\/2022\\\/11\\\/WhatsApp-Image-2022-11-24-at-12.17.29-PM.jpeg\",\"contentUrl\":\"https:\\\/\\\/psicologiaanagarciarey.com\\\/wp-content\\\/uploads\\\/2022\\\/11\\\/WhatsApp-Image-2022-11-24-at-12.17.29-PM.jpeg\",\"width\":500,\"height\":500,\"caption\":\"Ana Garc\u00eda Rey\"},\"logo\":{\"@id\":\"https:\\\/\\\/psicologiaanagarciarey.com\\\/wp-content\\\/uploads\\\/2022\\\/11\\\/WhatsApp-Image-2022-11-24-at-12.17.29-PM.jpeg\"},\"sameAs\":[\"https:\\\/\\\/psicologiaanagarciarey.com\"]}]}<\/script>\n<!-- \/ Yoast SEO plugin. -->","yoast_head_json":{"title":"\u00bfS\u00edndrome postvacacional? - Consulta de Psicolog\u00eda Ana Garc\u00eda Rey","description":"El final de las vacaciones y el regreso a la rutina laboral pueden desencadenar lo que popularmente se conoce como el \"s\u00edndrome postvacacional\". Esta sensaci\u00f3n de des\u00e1nimo, irritabilidad y falta de motivaci\u00f3n\u00a0puede afectar a personas de todas las edades. Sin embargo, con algunas estrategias efectivas, es posible superar este s\u00edndrome y enfrentar la vuelta a la rutina\u00a0con una actitud positiva y renovada.","robots":{"index":"index","follow":"follow","max-snippet":"max-snippet:-1","max-image-preview":"max-image-preview:large","max-video-preview":"max-video-preview:-1"},"canonical":"https:\/\/psicologiaanagarciarey.com\/index.php\/2023\/08\/28\/sindrome-postvacacional\/","og_locale":"es_ES","og_type":"article","og_title":"\u00bfS\u00edndrome postvacacional? - Consulta de Psicolog\u00eda Ana Garc\u00eda Rey","og_description":"El final de las vacaciones y el regreso a la rutina laboral pueden desencadenar lo que popularmente se conoce como el \"s\u00edndrome postvacacional\". Esta sensaci\u00f3n de des\u00e1nimo, irritabilidad y falta de motivaci\u00f3n\u00a0puede afectar a personas de todas las edades. Sin embargo, con algunas estrategias efectivas, es posible superar este s\u00edndrome y enfrentar la vuelta a la rutina\u00a0con una actitud positiva y renovada.","og_url":"https:\/\/psicologiaanagarciarey.com\/index.php\/2023\/08\/28\/sindrome-postvacacional\/","og_site_name":"Consulta de Psicolog\u00eda Ana Garc\u00eda Rey","article_published_time":"2023-08-28T14:59:43+00:00","og_image":[{"width":1000,"height":365,"url":"https:\/\/psicologiaanagarciarey.com\/wp-content\/uploads\/2023\/02\/desaludpsicologos-impulsos3.jpg","type":"image\/jpeg"}],"author":"Ana Garc\u00eda Rey","twitter_card":"summary_large_image","twitter_misc":{"Escrito por":"Ana Garc\u00eda Rey","Tiempo de lectura":"3 minutos"},"schema":{"@context":"https:\/\/schema.org","@graph":[{"@type":"Article","@id":"https:\/\/psicologiaanagarciarey.com\/index.php\/2023\/08\/28\/sindrome-postvacacional\/#article","isPartOf":{"@id":"https:\/\/psicologiaanagarciarey.com\/index.php\/2023\/08\/28\/sindrome-postvacacional\/"},"author":{"name":"Ana Garc\u00eda Rey","@id":"https:\/\/psicologiaanagarciarey.com\/#\/schema\/person\/5107e05ee4f10b9f73f392f63a6ecd82"},"headline":"\u00bfS\u00edndrome postvacacional?","datePublished":"2023-08-28T14:59:43+00:00","mainEntityOfPage":{"@id":"https:\/\/psicologiaanagarciarey.com\/index.php\/2023\/08\/28\/sindrome-postvacacional\/"},"wordCount":648,"commentCount":0,"publisher":{"@id":"https:\/\/psicologiaanagarciarey.com\/#\/schema\/person\/5107e05ee4f10b9f73f392f63a6ecd82"},"image":{"@id":"https:\/\/psicologiaanagarciarey.com\/index.php\/2023\/08\/28\/sindrome-postvacacional\/#primaryimage"},"thumbnailUrl":"https:\/\/psicologiaanagarciarey.com\/wp-content\/uploads\/2023\/02\/desaludpsicologos-impulsos3.jpg","keywords":["\"s\u00edndrome postvacacional\""],"articleSection":["Septiembre","S\u00edndrome postvacacional","Vuelta a la rutina"],"inLanguage":"es"},{"@type":"WebPage","@id":"https:\/\/psicologiaanagarciarey.com\/index.php\/2023\/08\/28\/sindrome-postvacacional\/","url":"https:\/\/psicologiaanagarciarey.com\/index.php\/2023\/08\/28\/sindrome-postvacacional\/","name":"\u00bfS\u00edndrome postvacacional? - Consulta de Psicolog\u00eda Ana Garc\u00eda Rey","isPartOf":{"@id":"https:\/\/psicologiaanagarciarey.com\/#website"},"primaryImageOfPage":{"@id":"https:\/\/psicologiaanagarciarey.com\/index.php\/2023\/08\/28\/sindrome-postvacacional\/#primaryimage"},"image":{"@id":"https:\/\/psicologiaanagarciarey.com\/index.php\/2023\/08\/28\/sindrome-postvacacional\/#primaryimage"},"thumbnailUrl":"https:\/\/psicologiaanagarciarey.com\/wp-content\/uploads\/2023\/02\/desaludpsicologos-impulsos3.jpg","datePublished":"2023-08-28T14:59:43+00:00","description":"El final de las vacaciones y el regreso a la rutina laboral pueden desencadenar lo que popularmente se conoce como el \"s\u00edndrome postvacacional\". Esta sensaci\u00f3n de des\u00e1nimo, irritabilidad y falta de motivaci\u00f3n\u00a0puede afectar a personas de todas las edades. Sin embargo, con algunas estrategias efectivas, es posible superar este s\u00edndrome y enfrentar la vuelta a la rutina\u00a0con una actitud positiva y renovada.","breadcrumb":{"@id":"https:\/\/psicologiaanagarciarey.com\/index.php\/2023\/08\/28\/sindrome-postvacacional\/#breadcrumb"},"inLanguage":"es","potentialAction":[{"@type":"ReadAction","target":["https:\/\/psicologiaanagarciarey.com\/index.php\/2023\/08\/28\/sindrome-postvacacional\/"]}]},{"@type":"ImageObject","inLanguage":"es","@id":"https:\/\/psicologiaanagarciarey.com\/index.php\/2023\/08\/28\/sindrome-postvacacional\/#primaryimage","url":"https:\/\/psicologiaanagarciarey.com\/wp-content\/uploads\/2023\/02\/desaludpsicologos-impulsos3.jpg","contentUrl":"https:\/\/psicologiaanagarciarey.com\/wp-content\/uploads\/2023\/02\/desaludpsicologos-impulsos3.jpg","width":1000,"height":365},{"@type":"BreadcrumbList","@id":"https:\/\/psicologiaanagarciarey.com\/index.php\/2023\/08\/28\/sindrome-postvacacional\/#breadcrumb","itemListElement":[{"@type":"ListItem","position":1,"name":"Portada","item":"https:\/\/psicologiaanagarciarey.com\/"},{"@type":"ListItem","position":2,"name":"\u00bfS\u00edndrome postvacacional?"}]},{"@type":"WebSite","@id":"https:\/\/psicologiaanagarciarey.com\/#website","url":"https:\/\/psicologiaanagarciarey.com\/","name":"Consulta de Psicolog\u00eda General Sanitaria Ana Garc\u00eda Rey","description":"Terapia en A Coru\u00f1a","publisher":{"@id":"https:\/\/psicologiaanagarciarey.com\/#\/schema\/person\/5107e05ee4f10b9f73f392f63a6ecd82"},"potentialAction":[{"@type":"SearchAction","target":{"@type":"EntryPoint","urlTemplate":"https:\/\/psicologiaanagarciarey.com\/?s={search_term_string}"},"query-input":{"@type":"PropertyValueSpecification","valueRequired":true,"valueName":"search_term_string"}}],"inLanguage":"es"},{"@type":["Person","Organization"],"@id":"https:\/\/psicologiaanagarciarey.com\/#\/schema\/person\/5107e05ee4f10b9f73f392f63a6ecd82","name":"Ana Garc\u00eda Rey","image":{"@type":"ImageObject","inLanguage":"es","@id":"https:\/\/psicologiaanagarciarey.com\/wp-content\/uploads\/2022\/11\/WhatsApp-Image-2022-11-24-at-12.17.29-PM.jpeg","url":"https:\/\/psicologiaanagarciarey.com\/wp-content\/uploads\/2022\/11\/WhatsApp-Image-2022-11-24-at-12.17.29-PM.jpeg","contentUrl":"https:\/\/psicologiaanagarciarey.com\/wp-content\/uploads\/2022\/11\/WhatsApp-Image-2022-11-24-at-12.17.29-PM.jpeg","width":500,"height":500,"caption":"Ana Garc\u00eda Rey"},"logo":{"@id":"https:\/\/psicologiaanagarciarey.com\/wp-content\/uploads\/2022\/11\/WhatsApp-Image-2022-11-24-at-12.17.29-PM.jpeg"},"sameAs":["https:\/\/psicologiaanagarciarey.com"]}]}},"_links":{"self":[{"href":"https:\/\/psicologiaanagarciarey.com\/index.php\/wp-json\/wp\/v2\/posts\/2383","targetHints":{"allow":["GET"]}}],"collection":[{"href":"https:\/\/psicologiaanagarciarey.com\/index.php\/wp-json\/wp\/v2\/posts"}],"about":[{"href":"https:\/\/psicologiaanagarciarey.com\/index.php\/wp-json\/wp\/v2\/types\/post"}],"author":[{"embeddable":true,"href":"https:\/\/psicologiaanagarciarey.com\/index.php\/wp-json\/wp\/v2\/users\/1"}],"replies":[{"embeddable":true,"href":"https:\/\/psicologiaanagarciarey.com\/index.php\/wp-json\/wp\/v2\/comments?post=2383"}],"version-history":[{"count":1,"href":"https:\/\/psicologiaanagarciarey.com\/index.php\/wp-json\/wp\/v2\/posts\/2383\/revisions"}],"predecessor-version":[{"id":2384,"href":"https:\/\/psicologiaanagarciarey.com\/index.php\/wp-json\/wp\/v2\/posts\/2383\/revisions\/2384"}],"wp:featuredmedia":[{"embeddable":true,"href":"https:\/\/psicologiaanagarciarey.com\/index.php\/wp-json\/wp\/v2\/media\/2224"}],"wp:attachment":[{"href":"https:\/\/psicologiaanagarciarey.com\/index.php\/wp-json\/wp\/v2\/media?parent=2383"}],"wp:term":[{"taxonomy":"category","embeddable":true,"href":"https:\/\/psicologiaanagarciarey.com\/index.php\/wp-json\/wp\/v2\/categories?post=2383"},{"taxonomy":"post_tag","embeddable":true,"href":"https:\/\/psicologiaanagarciarey.com\/index.php\/wp-json\/wp\/v2\/tags?post=2383"}],"curies":[{"name":"wp","href":"https:\/\/api.w.org\/{rel}","templated":true}]}}