{"id":2359,"date":"2023-08-07T08:58:17","date_gmt":"2023-08-07T08:58:17","guid":{"rendered":"https:\/\/psicologiaanagarciarey.com\/?p=2359"},"modified":"2023-08-07T08:58:17","modified_gmt":"2023-08-07T08:58:17","slug":"como-mejorar-la-autoestima-y-cultivar-una-imagen-positiva-de-uno-mismo","status":"publish","type":"post","link":"https:\/\/psicologiaanagarciarey.com\/index.php\/2023\/08\/07\/como-mejorar-la-autoestima-y-cultivar-una-imagen-positiva-de-uno-mismo\/","title":{"rendered":"C\u00f3mo mejorar la autoestima y cultivar una imagen positiva de uno mismo"},"content":{"rendered":"<p>La autoestima juega un papel fundamental en nuestro bienestar emocional y en la forma en que nos relacionamos con el mundo que nos rodea. Tener una imagen positiva de uno mismo es esencial para desarrollar confianza, alcanzar metas y disfrutar de relaciones saludables.<\/p>\n<p>Muchas personas tienen\u00a0la autoestima\u00a0baja\u00a0y se ven atrapadas en patrones negativos de pensamiento y autocr\u00edtica. Si este es tu caso, a continuaci\u00f3n encontrar\u00e1s\u00a0recomendaciones y ejercicios para fortalecer la autoestima y cultivar una imagen positiva de ti\u00a0mismo.<\/p>\n<p><strong><em><b><i>\u00bfQu\u00e9 es la autoestima y por qu\u00e9 es importante?<\/i><\/b><\/em><\/strong><\/p>\n<p>La autoestima se refiere a la valoraci\u00f3n que tenemos de nosotros mismos y a la confianza en nuestras capacidades y val\u00eda como individuos. Es la base de nuestra identidad y afecta nuestra autoconfianza, nuestras decisiones y nuestras relaciones con los dem\u00e1s. <strong><b>Una autoestima positiva nos permite:<\/b><\/strong><\/p>\n<ul>\n<li>Afrontar los desaf\u00edos de manera m\u00e1s efectiva.<\/li>\n<li>Ser m\u00e1s asertivos y expresar nuestras necesidades y deseos.<\/li>\n<li>Establecer l\u00edmites saludables en nuestras relaciones.<\/li>\n<li>Tomar decisiones acertadas y perseguir nuestras metas con determinaci\u00f3n.<\/li>\n<li>Aceptar y aprender de nuestros errores y fracasos sin sentirnos derrotados.<\/li>\n<\/ul>\n<p><strong><em><b><i>Recomendacione<\/i><\/b><\/em><\/strong><strong><em><b><i>s para mejorar la autoestima<\/i><\/b><\/em><\/strong><strong><em><b><i>:<\/i><\/b><\/em><\/strong><\/p>\n<ul>\n<li><b><\/b><strong><b>Desaf\u00eda pensamientos negativos<\/b><\/strong>: Presta atenci\u00f3n a tus pensamientos autocr\u00edticos y desaf\u00eda aquellos que son negativos o poco realistas. Reempl\u00e1zalos por afirmaciones positivas y realistas sobre ti mismo.<\/li>\n<li><b><\/b><strong><b>Rod\u00e9ate de personas positivas: <\/b><\/strong>La compa\u00f1\u00eda que mantenemos puede tener un impacto significativo en nuestra autoestima. Busca relacionarte con personas que te apoyen, te alienten y valoren tu autenticidad.<\/li>\n<li><b><\/b><strong><b>Aprende de tus errores<\/b><\/strong>: En lugar de percibir los errores como fracasos, consid\u00e9ralos oportunidades de aprendizaje. Reconoce que todos cometemos errores y que son una parte natural del crecimiento y desarrollo.<\/li>\n<li><b><\/b><strong><b>Cuida de ti mismo: <\/b><\/strong>Prioriza el autocuidado y dedica tiempo a actividades que te hagan sentir bien contigo mismo. Esto puede incluir ejercicio f\u00edsico, meditaci\u00f3n, pasatiempos creativos o simplemente descansar y relajarte.<\/li>\n<li><b><\/b><strong><b>Establece metas alcanzables<\/b><\/strong>: Establecer metas realistas y alcanzables te permitir\u00e1 experimentar el \u00e9xito y aumentar tu confianza en tus habilidades.<\/li>\n<li><b><\/b><strong><b>Practica la gratitud<\/b><\/strong>: Agradece las cosas positivas en tu vida y enf\u00f3cate en tus fortalezas y logros. Apreciar lo que tienes y valorar tus cualidades te ayudar\u00e1 a cultivar una imagen positiva de ti mismo.<\/li>\n<li><b><\/b><strong><b>Acepta elogios<\/b><\/strong>: Aprende a aceptar los elogios y reconocimientos de los dem\u00e1s. No minimices tus logros o los m\u00e9ritos que te atribuyen.<\/li>\n<li><b><\/b><strong><b>Aprende a decir \u00abno\u00bb<\/b><\/strong>: Establece l\u00edmites y aprende a decir \u00abno\u00bb cuando sea necesario. No te sientas obligado a complacer a todos a expensas de tu bienestar emocional.<\/li>\n<\/ul>\n<p><strong><em><b><i>Ejercicios para fortalecer la autoestima<\/i><\/b><\/em><\/strong><strong><em><b><i>:<\/i><\/b><\/em><\/strong><\/p>\n<ul>\n<li><b><\/b><strong><b>Carta de amor a ti mismo<\/b><\/strong>: Escribe una carta a ti mismo en la que reconozcas todo lo que vales. Lee esta carta cuando necesites un impulso de confianza.<\/li>\n<li><b><\/b><strong><b>Visualizaci\u00f3n positiva: <\/b><\/strong>Dedica unos minutos cada d\u00eda a visualizar im\u00e1genes positivas de ti mismo logrando tus metas y enfrentando desaf\u00edos con \u00e9xito. Imagina c\u00f3mo te sientes en esas situaciones y mant\u00e9n esa sensaci\u00f3n en tu mente.<\/li>\n<li><b><\/b><strong><b>Aceptaci\u00f3n del cuerpo<\/b><\/strong>: En lugar de centrarte en las imperfecciones de tu cuerpo, reconoce las caracter\u00edsticas que te gustan y agradece lo que tu cuerpo te permite hacer.<\/li>\n<li><b><\/b><strong><b>Celebra tus esfuerzos: <\/b><\/strong>No te enfoques \u00fanicamente en los resultados, celebra tambi\u00e9n los esfuerzos que haces para mejorar y crecer como persona.<\/li>\n<li><b><\/b><strong><b>Pr\u00e1ctica de afirmaciones<\/b><\/strong>: Repite afirmaciones positivas sobre ti mismo todos los d\u00edas. Por ejemplo, \u00absoy valioso\/a\u00bb, \u00abmerezco amor y respeto\u00bb o \u00abtengo la capacidad de superar cualquier desaf\u00edo\u00bb.<\/li>\n<li><b><\/b><strong><b>Meditaci\u00f3n de amor y compasi\u00f3n: <\/b><\/strong>Practica la meditaci\u00f3n de amor y compasi\u00f3n hacia ti mismo. Env\u00eda amor y aceptaci\u00f3n a tu ser interior y perd\u00f3nate por cualquier autocr\u00edtica pasada.<\/li>\n<\/ul>\n<p>Mejorar la autoestima y cultivar una imagen positiva de uno mismo requiere tiempo y esfuerzo, pero los beneficios son invaluables para nuestro bienestar emocional y nuestra capacidad para enfrentar la vida con confianza y resiliencia. Al implementar estas recomendaciones y ejercicios en tu vida diaria, estar\u00e1s dando pasos significativos hacia una autoestima m\u00e1s s\u00f3lida y una imagen positiva de ti mismo. Recuerda que cada uno de nosotros es \u00fanico y valioso, y merece tratarse con amor, respeto y aceptaci\u00f3n.<\/p>\n<p>En <strong><b>Psic\u00f3logos Coru\u00f1a Ana Garc\u00eda Rey<\/b><\/strong>\u00a0te\u00a0ayudaremos a quererte m\u00e1s y a potenciar tu autoestima, proporcion\u00e1ndote apoyo de calidad y t\u00e9cnicas eficaces para lograrlo.<\/p>\n<p>Ll\u00e1manos o manda un WhatsApp al tel\u00e9fono: <strong><b>644191359<\/b><\/strong>.<\/p>\n<p>O, si lo prefieres, env\u00eda un email a: <strong><b>anagarciarey.psicologa@gmail.com<\/b><\/strong>.<\/p>\n<p>Estamos entre los mejores psic\u00f3logos de Coru\u00f1a con los mejores precios.<\/p>\n","protected":false},"excerpt":{"rendered":"<p>La autoestima juega un papel fundamental en nuestro bienestar emocional y en la forma en que nos relacionamos con el mundo que nos rodea. Tener una imagen positiva de uno mismo es esencial para desarrollar confianza, alcanzar metas y disfrutar de relaciones saludables.<\/p>\n","protected":false},"author":1,"featured_media":2179,"comment_status":"open","ping_status":"open","sticky":false,"template":"","format":"standard","meta":{"_et_pb_use_builder":"","_et_pb_old_content":"","_et_gb_content_width":"","_joinchat":[],"footnotes":""},"categories":[362],"tags":[30,66],"class_list":["post-2359","post","type-post","status-publish","format-standard","has-post-thumbnail","hentry","category-autoconcepto","tag-autocompasion","tag-autoestima"],"yoast_head":"<!-- This site is optimized with the Yoast SEO plugin v27.4 - https:\/\/yoast.com\/product\/yoast-seo-wordpress\/ -->\n<title>C\u00f3mo mejorar la autoestima y cultivar una imagen positiva de uno mismo - Consulta de Psicolog\u00eda Ana Garc\u00eda Rey<\/title>\n<meta name=\"description\" content=\"La autoestima juega un papel fundamental en nuestro bienestar emocional y en la forma en que nos relacionamos con el mundo que nos rodea. Tener una imagen positiva de uno mismo es esencial para desarrollar confianza, alcanzar metas y disfrutar de relaciones saludables.\" \/>\n<meta name=\"robots\" content=\"index, follow, max-snippet:-1, max-image-preview:large, max-video-preview:-1\" \/>\n<link rel=\"canonical\" href=\"https:\/\/psicologiaanagarciarey.com\/index.php\/2023\/08\/07\/como-mejorar-la-autoestima-y-cultivar-una-imagen-positiva-de-uno-mismo\/\" \/>\n<meta property=\"og:locale\" content=\"es_ES\" \/>\n<meta property=\"og:type\" content=\"article\" \/>\n<meta property=\"og:title\" content=\"C\u00f3mo mejorar la autoestima y cultivar una imagen positiva de uno mismo - Consulta de Psicolog\u00eda Ana Garc\u00eda Rey\" \/>\n<meta property=\"og:description\" content=\"La autoestima juega un papel fundamental en nuestro bienestar emocional y en la forma en que nos relacionamos con el mundo que nos rodea. Tener una imagen positiva de uno mismo es esencial para desarrollar confianza, alcanzar metas y disfrutar de relaciones saludables.\" \/>\n<meta property=\"og:url\" content=\"https:\/\/psicologiaanagarciarey.com\/index.php\/2023\/08\/07\/como-mejorar-la-autoestima-y-cultivar-una-imagen-positiva-de-uno-mismo\/\" \/>\n<meta property=\"og:site_name\" content=\"Consulta de Psicolog\u00eda Ana Garc\u00eda Rey\" \/>\n<meta property=\"article:published_time\" content=\"2023-08-07T08:58:17+00:00\" \/>\n<meta property=\"og:image\" content=\"https:\/\/psicologiaanagarciarey.com\/wp-content\/uploads\/2023\/01\/seis-pilares-autoestima-Nathaniel-Branden2.jpg\" \/>\n\t<meta property=\"og:image:width\" content=\"800\" \/>\n\t<meta property=\"og:image:height\" content=\"400\" \/>\n\t<meta property=\"og:image:type\" content=\"image\/jpeg\" \/>\n<meta name=\"author\" content=\"Ana Garc\u00eda Rey\" \/>\n<meta name=\"twitter:card\" content=\"summary_large_image\" \/>\n<meta name=\"twitter:label1\" content=\"Escrito por\" \/>\n\t<meta name=\"twitter:data1\" content=\"Ana Garc\u00eda Rey\" \/>\n\t<meta name=\"twitter:label2\" content=\"Tiempo de lectura\" \/>\n\t<meta name=\"twitter:data2\" content=\"4 minutos\" \/>\n<script type=\"application\/ld+json\" class=\"yoast-schema-graph\">{\"@context\":\"https:\\\/\\\/schema.org\",\"@graph\":[{\"@type\":\"Article\",\"@id\":\"https:\\\/\\\/psicologiaanagarciarey.com\\\/index.php\\\/2023\\\/08\\\/07\\\/como-mejorar-la-autoestima-y-cultivar-una-imagen-positiva-de-uno-mismo\\\/#article\",\"isPartOf\":{\"@id\":\"https:\\\/\\\/psicologiaanagarciarey.com\\\/index.php\\\/2023\\\/08\\\/07\\\/como-mejorar-la-autoestima-y-cultivar-una-imagen-positiva-de-uno-mismo\\\/\"},\"author\":{\"name\":\"Ana Garc\u00eda Rey\",\"@id\":\"https:\\\/\\\/psicologiaanagarciarey.com\\\/#\\\/schema\\\/person\\\/5107e05ee4f10b9f73f392f63a6ecd82\"},\"headline\":\"C\u00f3mo mejorar la autoestima y cultivar una imagen positiva de uno mismo\",\"datePublished\":\"2023-08-07T08:58:17+00:00\",\"mainEntityOfPage\":{\"@id\":\"https:\\\/\\\/psicologiaanagarciarey.com\\\/index.php\\\/2023\\\/08\\\/07\\\/como-mejorar-la-autoestima-y-cultivar-una-imagen-positiva-de-uno-mismo\\\/\"},\"wordCount\":796,\"commentCount\":0,\"publisher\":{\"@id\":\"https:\\\/\\\/psicologiaanagarciarey.com\\\/#\\\/schema\\\/person\\\/5107e05ee4f10b9f73f392f63a6ecd82\"},\"image\":{\"@id\":\"https:\\\/\\\/psicologiaanagarciarey.com\\\/index.php\\\/2023\\\/08\\\/07\\\/como-mejorar-la-autoestima-y-cultivar-una-imagen-positiva-de-uno-mismo\\\/#primaryimage\"},\"thumbnailUrl\":\"https:\\\/\\\/psicologiaanagarciarey.com\\\/wp-content\\\/uploads\\\/2023\\\/01\\\/seis-pilares-autoestima-Nathaniel-Branden2.jpg\",\"keywords\":[\"autocompasi\u00f3n\",\"autoestima\"],\"articleSection\":[\"Autoconcepto\"],\"inLanguage\":\"es\"},{\"@type\":\"WebPage\",\"@id\":\"https:\\\/\\\/psicologiaanagarciarey.com\\\/index.php\\\/2023\\\/08\\\/07\\\/como-mejorar-la-autoestima-y-cultivar-una-imagen-positiva-de-uno-mismo\\\/\",\"url\":\"https:\\\/\\\/psicologiaanagarciarey.com\\\/index.php\\\/2023\\\/08\\\/07\\\/como-mejorar-la-autoestima-y-cultivar-una-imagen-positiva-de-uno-mismo\\\/\",\"name\":\"C\u00f3mo mejorar la autoestima y cultivar una imagen positiva de uno mismo - Consulta de Psicolog\u00eda Ana Garc\u00eda Rey\",\"isPartOf\":{\"@id\":\"https:\\\/\\\/psicologiaanagarciarey.com\\\/#website\"},\"primaryImageOfPage\":{\"@id\":\"https:\\\/\\\/psicologiaanagarciarey.com\\\/index.php\\\/2023\\\/08\\\/07\\\/como-mejorar-la-autoestima-y-cultivar-una-imagen-positiva-de-uno-mismo\\\/#primaryimage\"},\"image\":{\"@id\":\"https:\\\/\\\/psicologiaanagarciarey.com\\\/index.php\\\/2023\\\/08\\\/07\\\/como-mejorar-la-autoestima-y-cultivar-una-imagen-positiva-de-uno-mismo\\\/#primaryimage\"},\"thumbnailUrl\":\"https:\\\/\\\/psicologiaanagarciarey.com\\\/wp-content\\\/uploads\\\/2023\\\/01\\\/seis-pilares-autoestima-Nathaniel-Branden2.jpg\",\"datePublished\":\"2023-08-07T08:58:17+00:00\",\"description\":\"La autoestima juega un papel fundamental en nuestro bienestar emocional y en la forma en que nos relacionamos con el mundo que nos rodea. Tener una imagen positiva de uno mismo es esencial para desarrollar confianza, alcanzar metas y disfrutar de relaciones saludables.\",\"breadcrumb\":{\"@id\":\"https:\\\/\\\/psicologiaanagarciarey.com\\\/index.php\\\/2023\\\/08\\\/07\\\/como-mejorar-la-autoestima-y-cultivar-una-imagen-positiva-de-uno-mismo\\\/#breadcrumb\"},\"inLanguage\":\"es\",\"potentialAction\":[{\"@type\":\"ReadAction\",\"target\":[\"https:\\\/\\\/psicologiaanagarciarey.com\\\/index.php\\\/2023\\\/08\\\/07\\\/como-mejorar-la-autoestima-y-cultivar-una-imagen-positiva-de-uno-mismo\\\/\"]}]},{\"@type\":\"ImageObject\",\"inLanguage\":\"es\",\"@id\":\"https:\\\/\\\/psicologiaanagarciarey.com\\\/index.php\\\/2023\\\/08\\\/07\\\/como-mejorar-la-autoestima-y-cultivar-una-imagen-positiva-de-uno-mismo\\\/#primaryimage\",\"url\":\"https:\\\/\\\/psicologiaanagarciarey.com\\\/wp-content\\\/uploads\\\/2023\\\/01\\\/seis-pilares-autoestima-Nathaniel-Branden2.jpg\",\"contentUrl\":\"https:\\\/\\\/psicologiaanagarciarey.com\\\/wp-content\\\/uploads\\\/2023\\\/01\\\/seis-pilares-autoestima-Nathaniel-Branden2.jpg\",\"width\":800,\"height\":400},{\"@type\":\"BreadcrumbList\",\"@id\":\"https:\\\/\\\/psicologiaanagarciarey.com\\\/index.php\\\/2023\\\/08\\\/07\\\/como-mejorar-la-autoestima-y-cultivar-una-imagen-positiva-de-uno-mismo\\\/#breadcrumb\",\"itemListElement\":[{\"@type\":\"ListItem\",\"position\":1,\"name\":\"Portada\",\"item\":\"https:\\\/\\\/psicologiaanagarciarey.com\\\/\"},{\"@type\":\"ListItem\",\"position\":2,\"name\":\"C\u00f3mo mejorar la autoestima y cultivar una imagen positiva de uno mismo\"}]},{\"@type\":\"WebSite\",\"@id\":\"https:\\\/\\\/psicologiaanagarciarey.com\\\/#website\",\"url\":\"https:\\\/\\\/psicologiaanagarciarey.com\\\/\",\"name\":\"Consulta de Psicolog\u00eda General Sanitaria Ana Garc\u00eda Rey\",\"description\":\"Terapia en A Coru\u00f1a\",\"publisher\":{\"@id\":\"https:\\\/\\\/psicologiaanagarciarey.com\\\/#\\\/schema\\\/person\\\/5107e05ee4f10b9f73f392f63a6ecd82\"},\"potentialAction\":[{\"@type\":\"SearchAction\",\"target\":{\"@type\":\"EntryPoint\",\"urlTemplate\":\"https:\\\/\\\/psicologiaanagarciarey.com\\\/?s={search_term_string}\"},\"query-input\":{\"@type\":\"PropertyValueSpecification\",\"valueRequired\":true,\"valueName\":\"search_term_string\"}}],\"inLanguage\":\"es\"},{\"@type\":[\"Person\",\"Organization\"],\"@id\":\"https:\\\/\\\/psicologiaanagarciarey.com\\\/#\\\/schema\\\/person\\\/5107e05ee4f10b9f73f392f63a6ecd82\",\"name\":\"Ana Garc\u00eda Rey\",\"image\":{\"@type\":\"ImageObject\",\"inLanguage\":\"es\",\"@id\":\"https:\\\/\\\/psicologiaanagarciarey.com\\\/wp-content\\\/uploads\\\/2022\\\/11\\\/WhatsApp-Image-2022-11-24-at-12.17.29-PM.jpeg\",\"url\":\"https:\\\/\\\/psicologiaanagarciarey.com\\\/wp-content\\\/uploads\\\/2022\\\/11\\\/WhatsApp-Image-2022-11-24-at-12.17.29-PM.jpeg\",\"contentUrl\":\"https:\\\/\\\/psicologiaanagarciarey.com\\\/wp-content\\\/uploads\\\/2022\\\/11\\\/WhatsApp-Image-2022-11-24-at-12.17.29-PM.jpeg\",\"width\":500,\"height\":500,\"caption\":\"Ana Garc\u00eda Rey\"},\"logo\":{\"@id\":\"https:\\\/\\\/psicologiaanagarciarey.com\\\/wp-content\\\/uploads\\\/2022\\\/11\\\/WhatsApp-Image-2022-11-24-at-12.17.29-PM.jpeg\"},\"sameAs\":[\"https:\\\/\\\/psicologiaanagarciarey.com\"]}]}<\/script>\n<!-- \/ Yoast SEO plugin. -->","yoast_head_json":{"title":"C\u00f3mo mejorar la autoestima y cultivar una imagen positiva de uno mismo - Consulta de Psicolog\u00eda Ana Garc\u00eda Rey","description":"La autoestima juega un papel fundamental en nuestro bienestar emocional y en la forma en que nos relacionamos con el mundo que nos rodea. Tener una imagen positiva de uno mismo es esencial para desarrollar confianza, alcanzar metas y disfrutar de relaciones saludables.","robots":{"index":"index","follow":"follow","max-snippet":"max-snippet:-1","max-image-preview":"max-image-preview:large","max-video-preview":"max-video-preview:-1"},"canonical":"https:\/\/psicologiaanagarciarey.com\/index.php\/2023\/08\/07\/como-mejorar-la-autoestima-y-cultivar-una-imagen-positiva-de-uno-mismo\/","og_locale":"es_ES","og_type":"article","og_title":"C\u00f3mo mejorar la autoestima y cultivar una imagen positiva de uno mismo - Consulta de Psicolog\u00eda Ana Garc\u00eda Rey","og_description":"La autoestima juega un papel fundamental en nuestro bienestar emocional y en la forma en que nos relacionamos con el mundo que nos rodea. Tener una imagen positiva de uno mismo es esencial para desarrollar confianza, alcanzar metas y disfrutar de relaciones saludables.","og_url":"https:\/\/psicologiaanagarciarey.com\/index.php\/2023\/08\/07\/como-mejorar-la-autoestima-y-cultivar-una-imagen-positiva-de-uno-mismo\/","og_site_name":"Consulta de Psicolog\u00eda Ana Garc\u00eda Rey","article_published_time":"2023-08-07T08:58:17+00:00","og_image":[{"width":800,"height":400,"url":"https:\/\/psicologiaanagarciarey.com\/wp-content\/uploads\/2023\/01\/seis-pilares-autoestima-Nathaniel-Branden2.jpg","type":"image\/jpeg"}],"author":"Ana Garc\u00eda Rey","twitter_card":"summary_large_image","twitter_misc":{"Escrito por":"Ana Garc\u00eda Rey","Tiempo de lectura":"4 minutos"},"schema":{"@context":"https:\/\/schema.org","@graph":[{"@type":"Article","@id":"https:\/\/psicologiaanagarciarey.com\/index.php\/2023\/08\/07\/como-mejorar-la-autoestima-y-cultivar-una-imagen-positiva-de-uno-mismo\/#article","isPartOf":{"@id":"https:\/\/psicologiaanagarciarey.com\/index.php\/2023\/08\/07\/como-mejorar-la-autoestima-y-cultivar-una-imagen-positiva-de-uno-mismo\/"},"author":{"name":"Ana Garc\u00eda Rey","@id":"https:\/\/psicologiaanagarciarey.com\/#\/schema\/person\/5107e05ee4f10b9f73f392f63a6ecd82"},"headline":"C\u00f3mo mejorar la autoestima y cultivar una imagen positiva de uno mismo","datePublished":"2023-08-07T08:58:17+00:00","mainEntityOfPage":{"@id":"https:\/\/psicologiaanagarciarey.com\/index.php\/2023\/08\/07\/como-mejorar-la-autoestima-y-cultivar-una-imagen-positiva-de-uno-mismo\/"},"wordCount":796,"commentCount":0,"publisher":{"@id":"https:\/\/psicologiaanagarciarey.com\/#\/schema\/person\/5107e05ee4f10b9f73f392f63a6ecd82"},"image":{"@id":"https:\/\/psicologiaanagarciarey.com\/index.php\/2023\/08\/07\/como-mejorar-la-autoestima-y-cultivar-una-imagen-positiva-de-uno-mismo\/#primaryimage"},"thumbnailUrl":"https:\/\/psicologiaanagarciarey.com\/wp-content\/uploads\/2023\/01\/seis-pilares-autoestima-Nathaniel-Branden2.jpg","keywords":["autocompasi\u00f3n","autoestima"],"articleSection":["Autoconcepto"],"inLanguage":"es"},{"@type":"WebPage","@id":"https:\/\/psicologiaanagarciarey.com\/index.php\/2023\/08\/07\/como-mejorar-la-autoestima-y-cultivar-una-imagen-positiva-de-uno-mismo\/","url":"https:\/\/psicologiaanagarciarey.com\/index.php\/2023\/08\/07\/como-mejorar-la-autoestima-y-cultivar-una-imagen-positiva-de-uno-mismo\/","name":"C\u00f3mo mejorar la autoestima y cultivar una imagen positiva de uno mismo - Consulta de Psicolog\u00eda Ana Garc\u00eda Rey","isPartOf":{"@id":"https:\/\/psicologiaanagarciarey.com\/#website"},"primaryImageOfPage":{"@id":"https:\/\/psicologiaanagarciarey.com\/index.php\/2023\/08\/07\/como-mejorar-la-autoestima-y-cultivar-una-imagen-positiva-de-uno-mismo\/#primaryimage"},"image":{"@id":"https:\/\/psicologiaanagarciarey.com\/index.php\/2023\/08\/07\/como-mejorar-la-autoestima-y-cultivar-una-imagen-positiva-de-uno-mismo\/#primaryimage"},"thumbnailUrl":"https:\/\/psicologiaanagarciarey.com\/wp-content\/uploads\/2023\/01\/seis-pilares-autoestima-Nathaniel-Branden2.jpg","datePublished":"2023-08-07T08:58:17+00:00","description":"La autoestima juega un papel fundamental en nuestro bienestar emocional y en la forma en que nos relacionamos con el mundo que nos rodea. Tener una imagen positiva de uno mismo es esencial para desarrollar confianza, alcanzar metas y disfrutar de relaciones saludables.","breadcrumb":{"@id":"https:\/\/psicologiaanagarciarey.com\/index.php\/2023\/08\/07\/como-mejorar-la-autoestima-y-cultivar-una-imagen-positiva-de-uno-mismo\/#breadcrumb"},"inLanguage":"es","potentialAction":[{"@type":"ReadAction","target":["https:\/\/psicologiaanagarciarey.com\/index.php\/2023\/08\/07\/como-mejorar-la-autoestima-y-cultivar-una-imagen-positiva-de-uno-mismo\/"]}]},{"@type":"ImageObject","inLanguage":"es","@id":"https:\/\/psicologiaanagarciarey.com\/index.php\/2023\/08\/07\/como-mejorar-la-autoestima-y-cultivar-una-imagen-positiva-de-uno-mismo\/#primaryimage","url":"https:\/\/psicologiaanagarciarey.com\/wp-content\/uploads\/2023\/01\/seis-pilares-autoestima-Nathaniel-Branden2.jpg","contentUrl":"https:\/\/psicologiaanagarciarey.com\/wp-content\/uploads\/2023\/01\/seis-pilares-autoestima-Nathaniel-Branden2.jpg","width":800,"height":400},{"@type":"BreadcrumbList","@id":"https:\/\/psicologiaanagarciarey.com\/index.php\/2023\/08\/07\/como-mejorar-la-autoestima-y-cultivar-una-imagen-positiva-de-uno-mismo\/#breadcrumb","itemListElement":[{"@type":"ListItem","position":1,"name":"Portada","item":"https:\/\/psicologiaanagarciarey.com\/"},{"@type":"ListItem","position":2,"name":"C\u00f3mo mejorar la autoestima y cultivar una imagen positiva de uno mismo"}]},{"@type":"WebSite","@id":"https:\/\/psicologiaanagarciarey.com\/#website","url":"https:\/\/psicologiaanagarciarey.com\/","name":"Consulta de Psicolog\u00eda General Sanitaria Ana Garc\u00eda Rey","description":"Terapia en A Coru\u00f1a","publisher":{"@id":"https:\/\/psicologiaanagarciarey.com\/#\/schema\/person\/5107e05ee4f10b9f73f392f63a6ecd82"},"potentialAction":[{"@type":"SearchAction","target":{"@type":"EntryPoint","urlTemplate":"https:\/\/psicologiaanagarciarey.com\/?s={search_term_string}"},"query-input":{"@type":"PropertyValueSpecification","valueRequired":true,"valueName":"search_term_string"}}],"inLanguage":"es"},{"@type":["Person","Organization"],"@id":"https:\/\/psicologiaanagarciarey.com\/#\/schema\/person\/5107e05ee4f10b9f73f392f63a6ecd82","name":"Ana Garc\u00eda Rey","image":{"@type":"ImageObject","inLanguage":"es","@id":"https:\/\/psicologiaanagarciarey.com\/wp-content\/uploads\/2022\/11\/WhatsApp-Image-2022-11-24-at-12.17.29-PM.jpeg","url":"https:\/\/psicologiaanagarciarey.com\/wp-content\/uploads\/2022\/11\/WhatsApp-Image-2022-11-24-at-12.17.29-PM.jpeg","contentUrl":"https:\/\/psicologiaanagarciarey.com\/wp-content\/uploads\/2022\/11\/WhatsApp-Image-2022-11-24-at-12.17.29-PM.jpeg","width":500,"height":500,"caption":"Ana Garc\u00eda Rey"},"logo":{"@id":"https:\/\/psicologiaanagarciarey.com\/wp-content\/uploads\/2022\/11\/WhatsApp-Image-2022-11-24-at-12.17.29-PM.jpeg"},"sameAs":["https:\/\/psicologiaanagarciarey.com"]}]}},"_links":{"self":[{"href":"https:\/\/psicologiaanagarciarey.com\/index.php\/wp-json\/wp\/v2\/posts\/2359","targetHints":{"allow":["GET"]}}],"collection":[{"href":"https:\/\/psicologiaanagarciarey.com\/index.php\/wp-json\/wp\/v2\/posts"}],"about":[{"href":"https:\/\/psicologiaanagarciarey.com\/index.php\/wp-json\/wp\/v2\/types\/post"}],"author":[{"embeddable":true,"href":"https:\/\/psicologiaanagarciarey.com\/index.php\/wp-json\/wp\/v2\/users\/1"}],"replies":[{"embeddable":true,"href":"https:\/\/psicologiaanagarciarey.com\/index.php\/wp-json\/wp\/v2\/comments?post=2359"}],"version-history":[{"count":1,"href":"https:\/\/psicologiaanagarciarey.com\/index.php\/wp-json\/wp\/v2\/posts\/2359\/revisions"}],"predecessor-version":[{"id":2360,"href":"https:\/\/psicologiaanagarciarey.com\/index.php\/wp-json\/wp\/v2\/posts\/2359\/revisions\/2360"}],"wp:featuredmedia":[{"embeddable":true,"href":"https:\/\/psicologiaanagarciarey.com\/index.php\/wp-json\/wp\/v2\/media\/2179"}],"wp:attachment":[{"href":"https:\/\/psicologiaanagarciarey.com\/index.php\/wp-json\/wp\/v2\/media?parent=2359"}],"wp:term":[{"taxonomy":"category","embeddable":true,"href":"https:\/\/psicologiaanagarciarey.com\/index.php\/wp-json\/wp\/v2\/categories?post=2359"},{"taxonomy":"post_tag","embeddable":true,"href":"https:\/\/psicologiaanagarciarey.com\/index.php\/wp-json\/wp\/v2\/tags?post=2359"}],"curies":[{"name":"wp","href":"https:\/\/api.w.org\/{rel}","templated":true}]}}