{"id":2275,"date":"2023-04-10T15:42:20","date_gmt":"2023-04-10T15:42:20","guid":{"rendered":"https:\/\/psicologiaanagarciarey.com\/?p=2275"},"modified":"2023-04-10T15:42:20","modified_gmt":"2023-04-10T15:42:20","slug":"heridas-de-la-infancia-el-nino-interior","status":"publish","type":"post","link":"https:\/\/psicologiaanagarciarey.com\/index.php\/2023\/04\/10\/heridas-de-la-infancia-el-nino-interior\/","title":{"rendered":"Heridas de la infancia (el ni\u00f1o interior)"},"content":{"rendered":"<p>Haber experimentado\u00a0algunas experiencias negativas en\u00a0la ni\u00f1ez puede afectar nuestra salud mental cuando llegamos a la etapa adulta.<\/p>\n<p>Es decir, determinadas <strong><b>experiencias dolorosas<\/b><\/strong>\u00a0vividas en el pasado en la <strong><b>etapa infanto-juvenil<\/b><\/strong>\u00a0marcan nuestro car\u00e1cter, de\u00a0una forma u otra nos dejan huella\u00a0y nos condicionan cuando transitamos a la adultez.<\/p>\n<p><strong><em><b><i>Estas son las cinco <\/i><\/b><\/em><\/strong><strong><em><b><i>heridas emocionales<\/i><\/b><\/em><\/strong><strong><em><b><i>\u00a0de la<\/i><\/b><\/em><\/strong><strong><em><b><i>\u00a0infan<\/i><\/b><\/em><\/strong><strong><em><b><i>cia (figura del \u201cni\u00f1o interior\u201d):<\/i><\/b><\/em><\/strong><\/p>\n<ul>\n<li><b><\/b><strong><u><b>E<\/b><\/u><\/strong><strong><u><b>l miedo al abandono<\/b><\/u><\/strong><\/li>\n<\/ul>\n<p>Las personas que\u00a0han experimentado el abandono\u00a0(emocional y\/o f\u00edsico)\u00a0en su infancia crecen considerando\u00a0la soledad como su mayor enemigo. Les marc\u00f3 tanto que est\u00e1n\u00a0en constante vigilancia para evitar el abandono y no quedarse solos, por lo que en muchas ocasiones tomar\u00e1n ellos la iniciativa de abandonar a los dem\u00e1s por temor a revivir la experiencia, como mecanismo de protecci\u00f3n.\u00a0Su mayor temor es afrontar una separaci\u00f3n, de forma que las relaciones son vividas con mucha\u00a0inseguridad, miedo y recelo, siendo vulnerables a la creaci\u00f3n de v\u00ednculos de dependencia afectiva\u00a0y comportamientos \u201ct\u00f3xicos\u201d o poco sanos, tanto para ellos como para los dem\u00e1s (por ejemplo, celos patol\u00f3gicos, manipulaci\u00f3n emocional, control excesivo&#8230;).<\/p>\n<p><strong><em><b><i>Algunos tips para<\/i><\/b><\/em><\/strong><strong><em><b><i>\u00a0sanar <\/i><\/b><\/em><\/strong><strong><em><b><i>est<\/i><\/b><\/em><\/strong><strong><em><b><i>a herida<\/i><\/b><\/em><\/strong>: se debe trabajar\u00a0el miedo a la soledad, el temor a ser rechazados\u00a0y criticados,\u00a0la desconfianza en los dem\u00e1s, y las barreras al contacto f\u00edsico. Se tratar\u00e1 de disfrutar de los momentos de soledad y se fortalecer\u00e1 la autoestima y la autosuficiencia emocional.<\/p>\n<ul>\n<li><b><\/b><strong><u><b>La herida de la humillaci\u00f3n<\/b><\/u><\/strong><\/li>\n<\/ul>\n<p>Esta herida se produce\u00a0cuando el ni\u00f1o siente que sus padres lo desaprueban\u00a0constantemente, critican\u00a0y ridiculizan, afectando directamente a su autoestima\u00a0y autoconcepto.\u00a0As\u00ed, construye una personalidad dependiente\u00a0que est\u00e1 dispuesta a complacer, a hacer cualquier cosa por sentirse \u00fatil y v\u00e1lido ante los dem\u00e1s, lo cual contribuye a alimentar m\u00e1s su herida, ya que si los dem\u00e1s no lo reconocen, \u00e9l tampoco lo har\u00e1.\u00a0Puede caer en patrones de perfeccionismo patol\u00f3gico (mayoritariamente, prescrito socialmente). Quien ha sufrido la humillaci\u00f3n\u00a0tiene dificultades para expresarse (sobre todo, de forma asertiva) y suele menospreciarse. Se considera mucho menos importante de lo que es, y se olvida\u00a0de atender sus propias necesidades\u00a0(priorizando a los dem\u00e1s en primer lugar).<\/p>\n<p><strong><em><b><i>Algunos tips para<\/i><\/b><\/em><\/strong><strong><em><b><i>\u00a0sanar <\/i><\/b><\/em><\/strong><strong><em><b><i>est<\/i><\/b><\/em><\/strong><strong><em><b><i>a herida<\/i><\/b><\/em><\/strong>: la humillaci\u00f3n necesita ser soltada a trav\u00e9s del perd\u00f3n hacia las personas que nos\u00a0da\u00f1aron\u00a0(aunque en ocasiones se puede hacer sin perdonar), haciendo las paces con el pasado.\u00a0Se debe igualmente realizar un trabajo importante en la autoestima (priorizarnos) y en la expresi\u00f3n asertiva.<\/p>\n<ul>\n<li><b><\/b><strong><u><b>El miedo al rechazo<\/b><\/u><\/strong><\/li>\n<\/ul>\n<p>Esta herida tiene su origen en experiencias de no aceptaci\u00f3n, invalidaci\u00f3n y rechazo por parte de los padres, familiares cercanos o iguales a medida que el ni\u00f1o va creciendo. Cuando un ni\u00f1o recibe se\u00f1ales de rechazo aprende a autodespreciarse y piensa que no es digno de amar ni de ser amado, interpretando todo lo que le sucede a trav\u00e9s de este filtro negativo. La m\u00ednima cr\u00edtica le originar\u00e1 sufrimiento y, para compensarlo, necesitar\u00e1 el reconocimiento y la aprobaci\u00f3n por lo dem\u00e1s. Termina tambi\u00e9n por no validar y rechazar sus propios pensamientos, sentimientos\u00a0y vivencias.<\/p>\n<p><strong><em><b><i>Algunos tips para<\/i><\/b><\/em><\/strong><strong><em><b><i>\u00a0sanar <\/i><\/b><\/em><\/strong><strong><em><b><i>est<\/i><\/b><\/em><\/strong><strong><em><b><i>a herida<\/i><\/b><\/em><\/strong>: se debe hacer un profundo trabajo para comenzar a valorarse y a reconocerse, obviando los mensajes que el cr\u00edtico interno env\u00eda, procedente de la mirada de la infancia. Asimismo, hay que empezar a tomar decisiones por uno mismo y atender las propias necesidades y legitimarlas como v\u00e1lidas.<\/p>\n<ul>\n<li><b><\/b><strong><u><b>La injusticia<\/b><\/u><\/strong><strong><u><b>(crianza autoritaria)<\/b><\/u><\/strong><\/li>\n<\/ul>\n<p>Esta herida emocional se origina cuando los progenitores son fr\u00edos y r\u00edgidos, con una educaci\u00f3n autoritaria y no respetuosa hacia el ni\u00f1o. La exigencia constante generar\u00e1 sensaci\u00f3n de injusticia y sentimientos de ineficacia, inutilidad en el ni\u00f1o, generando adultos r\u00edgidos que no ser\u00e1n capaces de negociar ni de comunicarse de forma asertiva con los dem\u00e1s. Suelen ser de mayores personas obsesivas, por ejemplo, del orden, y\u00a0 muy perfeccionistas.<\/p>\n<p><strong><em><b><i>Algunos tips para<\/i><\/b><\/em><\/strong><strong><em><b><i>\u00a0sanar <\/i><\/b><\/em><\/strong><strong><em><b><i>est<\/i><\/b><\/em><\/strong><strong><em><b><i>a herida<\/i><\/b><\/em><\/strong>:\u00a0es aconsejable\u00a0trabajar la rigidez mental, cultivando la flexibilidad,\u00a0la confianza\u00a0en\u00a0los dem\u00e1s\u00a0y aprender a delegar responsabilidades en otros, rebajando el perfeccionismo hasta niveles aceptables.<\/p>\n<ul>\n<li><b><\/b><strong><u><b>La traici\u00f3n <\/b><\/u><\/strong><strong><u><b>(<\/b><\/u><\/strong><strong><u><b>miedo a confiar<\/b><\/u><\/strong><strong><u><b>)<\/b><\/u><\/strong><\/li>\n<\/ul>\n<p>Emerge cuando el ni\u00f1o se ha sentido traicionado por alguno de sus padres o figuras de apego porque no han cumplido sus promesas, lo que generar\u00e1 sentimientos de aislamiento y desconfianza que, en ocasiones, pueden transformarse en envidia, debido a que el ni\u00f1o no se siente merecedor de lo prometido y de lo que otras personas tienen. As\u00ed, construye una personalidad fuerte y controladora, en la que predomina la necesidad de control para asegurar la fidelidad y lealtad (suelen ser muy duros y exigentes con los dem\u00e1s).<\/p>\n<p><strong><em><b><i>Algunos tips para<\/i><\/b><\/em><\/strong><strong><em><b><i>\u00a0sanar <\/i><\/b><\/em><\/strong><strong><em><b><i>est<\/i><\/b><\/em><\/strong><strong><em><b><i>a herida<\/i><\/b><\/em><\/strong>: es recomendable\u00a0trabajar la paciencia, la tolerancia\u00a0y\u00a0la confianza en los dem\u00e1s, as\u00ed como aprender a gestionar adecuadamente la ira y el enfado.<\/p>\n<p>En <strong><b>Psic\u00f3logos Coru\u00f1a Ana Garc\u00eda Rey<\/b><\/strong>\u00a0te\u00a0ayudaremos a superar las heridas emocionales de tu infancia y tus inseguridades, proporcion\u00e1ndote apoyo de calidad y t\u00e9cnicas eficaces para lograrlo.<\/p>\n<p>Ll\u00e1manos o manda un WhatsApp al tel\u00e9fono: <strong><b>644191359<\/b><\/strong>.<\/p>\n<p>O, si lo prefieres, env\u00eda un email a: <strong><b>anagarciarey.psicologa@gmail.com<\/b><\/strong>.<\/p>\n<p>Estamos entre los mejores psic\u00f3logos de Coru\u00f1a con los mejores precios.<\/p>\n","protected":false},"excerpt":{"rendered":"<p>Haber experimentado\u00a0algunas experiencias negativas en\u00a0la ni\u00f1ez puede afectar nuestra salud mental cuando llegamos a la etapa adulta.<\/p>\n<p>Es decir, determinadas experiencias dolorosas\u00a0vividas en el pasado en la etapa infanto-juvenil\u00a0marcan nuestro car\u00e1cter, de\u00a0una forma u otra nos dejan huella\u00a0y nos condicionan cuando transitamos a la adultez.<\/p>\n","protected":false},"author":1,"featured_media":2276,"comment_status":"open","ping_status":"open","sticky":false,"template":"","format":"standard","meta":{"_et_pb_use_builder":"","_et_pb_old_content":"","_et_gb_content_width":"","_joinchat":[],"footnotes":""},"categories":[258,261,257,260,262,259],"tags":[263],"class_list":["post-2275","post","type-post","status-publish","format-standard","has-post-thumbnail","hentry","category-abandono","category-desconfianza","category-heridas-de-la-infancia-figura-del-nino-interior","category-humillacion","category-injusticia","category-rechazo","tag-heridas-de-la-infancia-figura-del-nino-interior"],"yoast_head":"<!-- This site is optimized with the Yoast SEO plugin v27.5 - https:\/\/yoast.com\/product\/yoast-seo-wordpress\/ -->\n<title>Heridas de la infancia (el ni\u00f1o interior) - Consulta de Psicolog\u00eda Ana Garc\u00eda Rey<\/title>\n<meta name=\"description\" content=\"Haber experimentado\u00a0algunas experiencias negativas en\u00a0la ni\u00f1ez puede afectar nuestra salud mental cuando llegamos a la etapa adulta. Es decir, determinadas experiencias dolorosas\u00a0vividas en el pasado en la etapa infanto-juvenil\u00a0marcan nuestro car\u00e1cter, de\u00a0una forma u otra nos dejan huella\u00a0y nos condicionan cuando transitamos a la adultez.\" \/>\n<meta name=\"robots\" content=\"index, follow, max-snippet:-1, max-image-preview:large, max-video-preview:-1\" \/>\n<link rel=\"canonical\" href=\"https:\/\/psicologiaanagarciarey.com\/index.php\/2023\/04\/10\/heridas-de-la-infancia-el-nino-interior\/\" \/>\n<meta property=\"og:locale\" content=\"es_ES\" \/>\n<meta property=\"og:type\" content=\"article\" \/>\n<meta property=\"og:title\" content=\"Heridas de la infancia (el ni\u00f1o interior) - Consulta de Psicolog\u00eda Ana Garc\u00eda Rey\" \/>\n<meta property=\"og:description\" content=\"Haber experimentado\u00a0algunas experiencias negativas en\u00a0la ni\u00f1ez puede afectar nuestra salud mental cuando llegamos a la etapa adulta. Es decir, determinadas experiencias dolorosas\u00a0vividas en el pasado en la etapa infanto-juvenil\u00a0marcan nuestro car\u00e1cter, de\u00a0una forma u otra nos dejan huella\u00a0y nos condicionan cuando transitamos a la adultez.\" \/>\n<meta property=\"og:url\" content=\"https:\/\/psicologiaanagarciarey.com\/index.php\/2023\/04\/10\/heridas-de-la-infancia-el-nino-interior\/\" \/>\n<meta property=\"og:site_name\" content=\"Consulta de Psicolog\u00eda Ana Garc\u00eda Rey\" \/>\n<meta property=\"article:published_time\" content=\"2023-04-10T15:42:20+00:00\" \/>\n<meta property=\"og:image\" content=\"https:\/\/psicologiaanagarciarey.com\/wp-content\/uploads\/2023\/04\/heridas-de-la-infancia2.jpg\" \/>\n\t<meta property=\"og:image:width\" content=\"750\" \/>\n\t<meta property=\"og:image:height\" content=\"504\" \/>\n\t<meta property=\"og:image:type\" content=\"image\/jpeg\" \/>\n<meta name=\"author\" content=\"Ana Garc\u00eda Rey\" \/>\n<meta name=\"twitter:card\" content=\"summary_large_image\" \/>\n<meta name=\"twitter:label1\" content=\"Escrito por\" \/>\n\t<meta name=\"twitter:data1\" content=\"Ana Garc\u00eda Rey\" \/>\n\t<meta name=\"twitter:label2\" content=\"Tiempo de lectura\" \/>\n\t<meta name=\"twitter:data2\" content=\"5 minutos\" \/>\n<script type=\"application\/ld+json\" class=\"yoast-schema-graph\">{\"@context\":\"https:\\\/\\\/schema.org\",\"@graph\":[{\"@type\":\"Article\",\"@id\":\"https:\\\/\\\/psicologiaanagarciarey.com\\\/index.php\\\/2023\\\/04\\\/10\\\/heridas-de-la-infancia-el-nino-interior\\\/#article\",\"isPartOf\":{\"@id\":\"https:\\\/\\\/psicologiaanagarciarey.com\\\/index.php\\\/2023\\\/04\\\/10\\\/heridas-de-la-infancia-el-nino-interior\\\/\"},\"author\":{\"name\":\"Ana Garc\u00eda Rey\",\"@id\":\"https:\\\/\\\/psicologiaanagarciarey.com\\\/#\\\/schema\\\/person\\\/5107e05ee4f10b9f73f392f63a6ecd82\"},\"headline\":\"Heridas de la infancia (el ni\u00f1o interior)\",\"datePublished\":\"2023-04-10T15:42:20+00:00\",\"mainEntityOfPage\":{\"@id\":\"https:\\\/\\\/psicologiaanagarciarey.com\\\/index.php\\\/2023\\\/04\\\/10\\\/heridas-de-la-infancia-el-nino-interior\\\/\"},\"wordCount\":926,\"commentCount\":0,\"publisher\":{\"@id\":\"https:\\\/\\\/psicologiaanagarciarey.com\\\/#\\\/schema\\\/person\\\/5107e05ee4f10b9f73f392f63a6ecd82\"},\"image\":{\"@id\":\"https:\\\/\\\/psicologiaanagarciarey.com\\\/index.php\\\/2023\\\/04\\\/10\\\/heridas-de-la-infancia-el-nino-interior\\\/#primaryimage\"},\"thumbnailUrl\":\"https:\\\/\\\/psicologiaanagarciarey.com\\\/wp-content\\\/uploads\\\/2023\\\/04\\\/heridas-de-la-infancia2.jpg\",\"keywords\":[\"Heridas de la infancia (figura del ni\u00f1o interior)\"],\"articleSection\":[\"abandono\",\"desconfianza\",\"Heridas de la infancia (figura del ni\u00f1o interior)\",\"humillaci\u00f3n\",\"injusticia\",\"rechazo\"],\"inLanguage\":\"es\"},{\"@type\":\"WebPage\",\"@id\":\"https:\\\/\\\/psicologiaanagarciarey.com\\\/index.php\\\/2023\\\/04\\\/10\\\/heridas-de-la-infancia-el-nino-interior\\\/\",\"url\":\"https:\\\/\\\/psicologiaanagarciarey.com\\\/index.php\\\/2023\\\/04\\\/10\\\/heridas-de-la-infancia-el-nino-interior\\\/\",\"name\":\"Heridas de la infancia (el ni\u00f1o interior) - Consulta de Psicolog\u00eda Ana Garc\u00eda Rey\",\"isPartOf\":{\"@id\":\"https:\\\/\\\/psicologiaanagarciarey.com\\\/#website\"},\"primaryImageOfPage\":{\"@id\":\"https:\\\/\\\/psicologiaanagarciarey.com\\\/index.php\\\/2023\\\/04\\\/10\\\/heridas-de-la-infancia-el-nino-interior\\\/#primaryimage\"},\"image\":{\"@id\":\"https:\\\/\\\/psicologiaanagarciarey.com\\\/index.php\\\/2023\\\/04\\\/10\\\/heridas-de-la-infancia-el-nino-interior\\\/#primaryimage\"},\"thumbnailUrl\":\"https:\\\/\\\/psicologiaanagarciarey.com\\\/wp-content\\\/uploads\\\/2023\\\/04\\\/heridas-de-la-infancia2.jpg\",\"datePublished\":\"2023-04-10T15:42:20+00:00\",\"description\":\"Haber experimentado\u00a0algunas experiencias negativas en\u00a0la ni\u00f1ez puede afectar nuestra salud mental cuando llegamos a la etapa adulta. Es decir, determinadas experiencias dolorosas\u00a0vividas en el pasado en la etapa infanto-juvenil\u00a0marcan nuestro car\u00e1cter, de\u00a0una forma u otra nos dejan huella\u00a0y nos condicionan cuando transitamos a la adultez.\",\"breadcrumb\":{\"@id\":\"https:\\\/\\\/psicologiaanagarciarey.com\\\/index.php\\\/2023\\\/04\\\/10\\\/heridas-de-la-infancia-el-nino-interior\\\/#breadcrumb\"},\"inLanguage\":\"es\",\"potentialAction\":[{\"@type\":\"ReadAction\",\"target\":[\"https:\\\/\\\/psicologiaanagarciarey.com\\\/index.php\\\/2023\\\/04\\\/10\\\/heridas-de-la-infancia-el-nino-interior\\\/\"]}]},{\"@type\":\"ImageObject\",\"inLanguage\":\"es\",\"@id\":\"https:\\\/\\\/psicologiaanagarciarey.com\\\/index.php\\\/2023\\\/04\\\/10\\\/heridas-de-la-infancia-el-nino-interior\\\/#primaryimage\",\"url\":\"https:\\\/\\\/psicologiaanagarciarey.com\\\/wp-content\\\/uploads\\\/2023\\\/04\\\/heridas-de-la-infancia2.jpg\",\"contentUrl\":\"https:\\\/\\\/psicologiaanagarciarey.com\\\/wp-content\\\/uploads\\\/2023\\\/04\\\/heridas-de-la-infancia2.jpg\",\"width\":750,\"height\":504},{\"@type\":\"BreadcrumbList\",\"@id\":\"https:\\\/\\\/psicologiaanagarciarey.com\\\/index.php\\\/2023\\\/04\\\/10\\\/heridas-de-la-infancia-el-nino-interior\\\/#breadcrumb\",\"itemListElement\":[{\"@type\":\"ListItem\",\"position\":1,\"name\":\"Portada\",\"item\":\"https:\\\/\\\/psicologiaanagarciarey.com\\\/\"},{\"@type\":\"ListItem\",\"position\":2,\"name\":\"Heridas de la infancia (el ni\u00f1o interior)\"}]},{\"@type\":\"WebSite\",\"@id\":\"https:\\\/\\\/psicologiaanagarciarey.com\\\/#website\",\"url\":\"https:\\\/\\\/psicologiaanagarciarey.com\\\/\",\"name\":\"Consulta de Psicolog\u00eda General Sanitaria Ana Garc\u00eda Rey\",\"description\":\"Terapia en A Coru\u00f1a\",\"publisher\":{\"@id\":\"https:\\\/\\\/psicologiaanagarciarey.com\\\/#\\\/schema\\\/person\\\/5107e05ee4f10b9f73f392f63a6ecd82\"},\"potentialAction\":[{\"@type\":\"SearchAction\",\"target\":{\"@type\":\"EntryPoint\",\"urlTemplate\":\"https:\\\/\\\/psicologiaanagarciarey.com\\\/?s={search_term_string}\"},\"query-input\":{\"@type\":\"PropertyValueSpecification\",\"valueRequired\":true,\"valueName\":\"search_term_string\"}}],\"inLanguage\":\"es\"},{\"@type\":[\"Person\",\"Organization\"],\"@id\":\"https:\\\/\\\/psicologiaanagarciarey.com\\\/#\\\/schema\\\/person\\\/5107e05ee4f10b9f73f392f63a6ecd82\",\"name\":\"Ana Garc\u00eda Rey\",\"image\":{\"@type\":\"ImageObject\",\"inLanguage\":\"es\",\"@id\":\"https:\\\/\\\/psicologiaanagarciarey.com\\\/wp-content\\\/uploads\\\/2022\\\/11\\\/WhatsApp-Image-2022-11-24-at-12.17.29-PM.jpeg\",\"url\":\"https:\\\/\\\/psicologiaanagarciarey.com\\\/wp-content\\\/uploads\\\/2022\\\/11\\\/WhatsApp-Image-2022-11-24-at-12.17.29-PM.jpeg\",\"contentUrl\":\"https:\\\/\\\/psicologiaanagarciarey.com\\\/wp-content\\\/uploads\\\/2022\\\/11\\\/WhatsApp-Image-2022-11-24-at-12.17.29-PM.jpeg\",\"width\":500,\"height\":500,\"caption\":\"Ana Garc\u00eda Rey\"},\"logo\":{\"@id\":\"https:\\\/\\\/psicologiaanagarciarey.com\\\/wp-content\\\/uploads\\\/2022\\\/11\\\/WhatsApp-Image-2022-11-24-at-12.17.29-PM.jpeg\"},\"sameAs\":[\"https:\\\/\\\/psicologiaanagarciarey.com\"]}]}<\/script>\n<!-- \/ Yoast SEO plugin. -->","yoast_head_json":{"title":"Heridas de la infancia (el ni\u00f1o interior) - Consulta de Psicolog\u00eda Ana Garc\u00eda Rey","description":"Haber experimentado\u00a0algunas experiencias negativas en\u00a0la ni\u00f1ez puede afectar nuestra salud mental cuando llegamos a la etapa adulta. Es decir, determinadas experiencias dolorosas\u00a0vividas en el pasado en la etapa infanto-juvenil\u00a0marcan nuestro car\u00e1cter, de\u00a0una forma u otra nos dejan huella\u00a0y nos condicionan cuando transitamos a la adultez.","robots":{"index":"index","follow":"follow","max-snippet":"max-snippet:-1","max-image-preview":"max-image-preview:large","max-video-preview":"max-video-preview:-1"},"canonical":"https:\/\/psicologiaanagarciarey.com\/index.php\/2023\/04\/10\/heridas-de-la-infancia-el-nino-interior\/","og_locale":"es_ES","og_type":"article","og_title":"Heridas de la infancia (el ni\u00f1o interior) - Consulta de Psicolog\u00eda Ana Garc\u00eda Rey","og_description":"Haber experimentado\u00a0algunas experiencias negativas en\u00a0la ni\u00f1ez puede afectar nuestra salud mental cuando llegamos a la etapa adulta. Es decir, determinadas experiencias dolorosas\u00a0vividas en el pasado en la etapa infanto-juvenil\u00a0marcan nuestro car\u00e1cter, de\u00a0una forma u otra nos dejan huella\u00a0y nos condicionan cuando transitamos a la adultez.","og_url":"https:\/\/psicologiaanagarciarey.com\/index.php\/2023\/04\/10\/heridas-de-la-infancia-el-nino-interior\/","og_site_name":"Consulta de Psicolog\u00eda Ana Garc\u00eda Rey","article_published_time":"2023-04-10T15:42:20+00:00","og_image":[{"width":750,"height":504,"url":"https:\/\/psicologiaanagarciarey.com\/wp-content\/uploads\/2023\/04\/heridas-de-la-infancia2.jpg","type":"image\/jpeg"}],"author":"Ana Garc\u00eda Rey","twitter_card":"summary_large_image","twitter_misc":{"Escrito por":"Ana Garc\u00eda Rey","Tiempo de lectura":"5 minutos"},"schema":{"@context":"https:\/\/schema.org","@graph":[{"@type":"Article","@id":"https:\/\/psicologiaanagarciarey.com\/index.php\/2023\/04\/10\/heridas-de-la-infancia-el-nino-interior\/#article","isPartOf":{"@id":"https:\/\/psicologiaanagarciarey.com\/index.php\/2023\/04\/10\/heridas-de-la-infancia-el-nino-interior\/"},"author":{"name":"Ana Garc\u00eda Rey","@id":"https:\/\/psicologiaanagarciarey.com\/#\/schema\/person\/5107e05ee4f10b9f73f392f63a6ecd82"},"headline":"Heridas de la infancia (el ni\u00f1o interior)","datePublished":"2023-04-10T15:42:20+00:00","mainEntityOfPage":{"@id":"https:\/\/psicologiaanagarciarey.com\/index.php\/2023\/04\/10\/heridas-de-la-infancia-el-nino-interior\/"},"wordCount":926,"commentCount":0,"publisher":{"@id":"https:\/\/psicologiaanagarciarey.com\/#\/schema\/person\/5107e05ee4f10b9f73f392f63a6ecd82"},"image":{"@id":"https:\/\/psicologiaanagarciarey.com\/index.php\/2023\/04\/10\/heridas-de-la-infancia-el-nino-interior\/#primaryimage"},"thumbnailUrl":"https:\/\/psicologiaanagarciarey.com\/wp-content\/uploads\/2023\/04\/heridas-de-la-infancia2.jpg","keywords":["Heridas de la infancia (figura del ni\u00f1o interior)"],"articleSection":["abandono","desconfianza","Heridas de la infancia (figura del ni\u00f1o interior)","humillaci\u00f3n","injusticia","rechazo"],"inLanguage":"es"},{"@type":"WebPage","@id":"https:\/\/psicologiaanagarciarey.com\/index.php\/2023\/04\/10\/heridas-de-la-infancia-el-nino-interior\/","url":"https:\/\/psicologiaanagarciarey.com\/index.php\/2023\/04\/10\/heridas-de-la-infancia-el-nino-interior\/","name":"Heridas de la infancia (el ni\u00f1o interior) - Consulta de Psicolog\u00eda Ana Garc\u00eda Rey","isPartOf":{"@id":"https:\/\/psicologiaanagarciarey.com\/#website"},"primaryImageOfPage":{"@id":"https:\/\/psicologiaanagarciarey.com\/index.php\/2023\/04\/10\/heridas-de-la-infancia-el-nino-interior\/#primaryimage"},"image":{"@id":"https:\/\/psicologiaanagarciarey.com\/index.php\/2023\/04\/10\/heridas-de-la-infancia-el-nino-interior\/#primaryimage"},"thumbnailUrl":"https:\/\/psicologiaanagarciarey.com\/wp-content\/uploads\/2023\/04\/heridas-de-la-infancia2.jpg","datePublished":"2023-04-10T15:42:20+00:00","description":"Haber experimentado\u00a0algunas experiencias negativas en\u00a0la ni\u00f1ez puede afectar nuestra salud mental cuando llegamos a la etapa adulta. Es decir, determinadas experiencias dolorosas\u00a0vividas en el pasado en la etapa infanto-juvenil\u00a0marcan nuestro car\u00e1cter, de\u00a0una forma u otra nos dejan huella\u00a0y nos condicionan cuando transitamos a la adultez.","breadcrumb":{"@id":"https:\/\/psicologiaanagarciarey.com\/index.php\/2023\/04\/10\/heridas-de-la-infancia-el-nino-interior\/#breadcrumb"},"inLanguage":"es","potentialAction":[{"@type":"ReadAction","target":["https:\/\/psicologiaanagarciarey.com\/index.php\/2023\/04\/10\/heridas-de-la-infancia-el-nino-interior\/"]}]},{"@type":"ImageObject","inLanguage":"es","@id":"https:\/\/psicologiaanagarciarey.com\/index.php\/2023\/04\/10\/heridas-de-la-infancia-el-nino-interior\/#primaryimage","url":"https:\/\/psicologiaanagarciarey.com\/wp-content\/uploads\/2023\/04\/heridas-de-la-infancia2.jpg","contentUrl":"https:\/\/psicologiaanagarciarey.com\/wp-content\/uploads\/2023\/04\/heridas-de-la-infancia2.jpg","width":750,"height":504},{"@type":"BreadcrumbList","@id":"https:\/\/psicologiaanagarciarey.com\/index.php\/2023\/04\/10\/heridas-de-la-infancia-el-nino-interior\/#breadcrumb","itemListElement":[{"@type":"ListItem","position":1,"name":"Portada","item":"https:\/\/psicologiaanagarciarey.com\/"},{"@type":"ListItem","position":2,"name":"Heridas de la infancia (el ni\u00f1o interior)"}]},{"@type":"WebSite","@id":"https:\/\/psicologiaanagarciarey.com\/#website","url":"https:\/\/psicologiaanagarciarey.com\/","name":"Consulta de Psicolog\u00eda General Sanitaria Ana Garc\u00eda Rey","description":"Terapia en A Coru\u00f1a","publisher":{"@id":"https:\/\/psicologiaanagarciarey.com\/#\/schema\/person\/5107e05ee4f10b9f73f392f63a6ecd82"},"potentialAction":[{"@type":"SearchAction","target":{"@type":"EntryPoint","urlTemplate":"https:\/\/psicologiaanagarciarey.com\/?s={search_term_string}"},"query-input":{"@type":"PropertyValueSpecification","valueRequired":true,"valueName":"search_term_string"}}],"inLanguage":"es"},{"@type":["Person","Organization"],"@id":"https:\/\/psicologiaanagarciarey.com\/#\/schema\/person\/5107e05ee4f10b9f73f392f63a6ecd82","name":"Ana Garc\u00eda Rey","image":{"@type":"ImageObject","inLanguage":"es","@id":"https:\/\/psicologiaanagarciarey.com\/wp-content\/uploads\/2022\/11\/WhatsApp-Image-2022-11-24-at-12.17.29-PM.jpeg","url":"https:\/\/psicologiaanagarciarey.com\/wp-content\/uploads\/2022\/11\/WhatsApp-Image-2022-11-24-at-12.17.29-PM.jpeg","contentUrl":"https:\/\/psicologiaanagarciarey.com\/wp-content\/uploads\/2022\/11\/WhatsApp-Image-2022-11-24-at-12.17.29-PM.jpeg","width":500,"height":500,"caption":"Ana Garc\u00eda Rey"},"logo":{"@id":"https:\/\/psicologiaanagarciarey.com\/wp-content\/uploads\/2022\/11\/WhatsApp-Image-2022-11-24-at-12.17.29-PM.jpeg"},"sameAs":["https:\/\/psicologiaanagarciarey.com"]}]}},"_links":{"self":[{"href":"https:\/\/psicologiaanagarciarey.com\/index.php\/wp-json\/wp\/v2\/posts\/2275","targetHints":{"allow":["GET"]}}],"collection":[{"href":"https:\/\/psicologiaanagarciarey.com\/index.php\/wp-json\/wp\/v2\/posts"}],"about":[{"href":"https:\/\/psicologiaanagarciarey.com\/index.php\/wp-json\/wp\/v2\/types\/post"}],"author":[{"embeddable":true,"href":"https:\/\/psicologiaanagarciarey.com\/index.php\/wp-json\/wp\/v2\/users\/1"}],"replies":[{"embeddable":true,"href":"https:\/\/psicologiaanagarciarey.com\/index.php\/wp-json\/wp\/v2\/comments?post=2275"}],"version-history":[{"count":1,"href":"https:\/\/psicologiaanagarciarey.com\/index.php\/wp-json\/wp\/v2\/posts\/2275\/revisions"}],"predecessor-version":[{"id":2277,"href":"https:\/\/psicologiaanagarciarey.com\/index.php\/wp-json\/wp\/v2\/posts\/2275\/revisions\/2277"}],"wp:featuredmedia":[{"embeddable":true,"href":"https:\/\/psicologiaanagarciarey.com\/index.php\/wp-json\/wp\/v2\/media\/2276"}],"wp:attachment":[{"href":"https:\/\/psicologiaanagarciarey.com\/index.php\/wp-json\/wp\/v2\/media?parent=2275"}],"wp:term":[{"taxonomy":"category","embeddable":true,"href":"https:\/\/psicologiaanagarciarey.com\/index.php\/wp-json\/wp\/v2\/categories?post=2275"},{"taxonomy":"post_tag","embeddable":true,"href":"https:\/\/psicologiaanagarciarey.com\/index.php\/wp-json\/wp\/v2\/tags?post=2275"}],"curies":[{"name":"wp","href":"https:\/\/api.w.org\/{rel}","templated":true}]}}